{"id":10858,"date":"2020-06-09T11:21:00","date_gmt":"2020-06-09T09:21:00","guid":{"rendered":"https:\/\/perfact-group.com\/seit-125-jahren-macht-monique-den-unterschied-fuer-perfact\/"},"modified":"2020-06-09T11:21:00","modified_gmt":"2020-06-09T09:21:00","slug":"seit-125-jahren-macht-monique-den-unterschied-fuer-perfact","status":"publish","type":"post","link":"https:\/\/perfact-group.com\/de\/seit-125-jahren-macht-monique-den-unterschied-fuer-perfact\/","title":{"rendered":"Seit 12,5 Jahren macht Monique den Unterschied f\u00fcr Perfact"},"content":{"rendered":"<p><strong>Seit 12,5 Jahren macht sie in der Abteilung Business Support von Perfact den Unterschied. Monique Deenen ist eine unserer Mitarbeiterinnen der ersten Stunde. Sie hat nicht nur ihre Abteilung und ihre Arbeitsprozesse wachsen sehen, sondern auch die gesamte Organisation. Sie ist eine Perfektionistin auf ihrem Gebiet; unsere Kunden k\u00f6nnen sich immer auf eine korrekte Rechnungsstellung verlassen. Sie ist immer f\u00fcr alle da, egal wie besch\u00e4ftigt sie ist. Das ist der Geist von Perfact.<\/strong><\/p>\n<p>Leider k\u00f6nnen wir nicht alle zusammen auf Moniques Jubil\u00e4um ansto\u00dfen. Deshalb hat Coppe Sturmans sie heute zu Hause mit Blumen und Mittagessen \u00fcberrascht. Monique, herzlichen Gl\u00fcckwunsch zu deinem Jubil\u00e4um, und wir hoffen, dass wir noch lange zusammenarbeiten werden!<\/p>\n","protected":false},"excerpt":{"rendered":"<p>Seit 12,5 Jahren macht sie in der Abteilung Business Support von Perfact den Unterschied. Monique Deenen ist eine unserer Mitarbeiterinnen der ersten Stunde. Sie hat nicht nur ihre Abteilung und&#8230;<\/p>\n","protected":false},"author":29,"featured_media":9681,"comment_status":"open","ping_status":"open","sticky":false,"template":"","format":"standard","meta":{"_acf_changed":false,"footnotes":""},"categories":[1369],"tags":[1322],"class_list":{"0":"post-10858","1":"post","2":"type-post","3":"status-publish","4":"format-standard","5":"has-post-thumbnail","7":"category-nachricht","8":"tag-team"},"acf":[],"yoast_head":"<!-- This site is optimized with the Yoast SEO plugin v27.3 - https:\/\/yoast.com\/product\/yoast-seo-wordpress\/ -->\n<title>Seit 12,5 Jahren macht Monique den Unterschied f\u00fcr Perfact - Perfact Group<\/title>\n<meta name=\"robots\" content=\"index, follow, max-snippet:-1, max-image-preview:large, max-video-preview:-1\" \/>\n<link rel=\"canonical\" href=\"https:\/\/perfact-group.com\/de\/seit-125-jahren-macht-monique-den-unterschied-fuer-perfact\/\" \/>\n<meta property=\"og:locale\" content=\"de_DE\" \/>\n<meta property=\"og:type\" content=\"article\" \/>\n<meta property=\"og:title\" content=\"Seit 12,5 Jahren macht Monique den Unterschied f\u00fcr Perfact - Perfact Group\" \/>\n<meta property=\"og:description\" content=\"Seit 12,5 Jahren macht sie in der Abteilung Business Support von Perfact den Unterschied. Monique Deenen ist eine unserer Mitarbeiterinnen der ersten Stunde. Sie hat nicht nur ihre Abteilung und...\" \/>\n<meta property=\"og:url\" content=\"https:\/\/perfact-group.com\/de\/seit-125-jahren-macht-monique-den-unterschied-fuer-perfact\/\" \/>\n<meta property=\"og:site_name\" content=\"Perfact Group\" \/>\n<meta property=\"article:published_time\" content=\"2020-06-09T09:21:00+00:00\" \/>\n<meta property=\"og:image\" content=\"https:\/\/perfact-group.com\/wp-content\/uploads\/2023\/09\/IMG_5702-1.jpg\" \/>\n\t<meta property=\"og:image:width\" content=\"1920\" \/>\n\t<meta property=\"og:image:height\" content=\"1281\" \/>\n\t<meta property=\"og:image:type\" content=\"image\/jpeg\" \/>\n<meta name=\"author\" content=\"rtw\" \/>\n<meta name=\"twitter:card\" content=\"summary_large_image\" \/>\n<meta name=\"twitter:label1\" content=\"Verfasst von\" \/>\n\t<meta name=\"twitter:data1\" content=\"rtw\" \/>\n\t<meta name=\"twitter:label2\" content=\"Gesch\u00e4tzte Lesezeit\" \/>\n\t<meta name=\"twitter:data2\" content=\"1\u00a0Minute\" \/>\n<script type=\"application\/ld+json\" class=\"yoast-schema-graph\">{\"@context\":\"https:\\\/\\\/schema.org\",\"@graph\":[{\"@type\":\"Article\",\"@id\":\"https:\\\/\\\/perfact-group.com\\\/de\\\/seit-125-jahren-macht-monique-den-unterschied-fuer-perfact\\\/#article\",\"isPartOf\":{\"@id\":\"https:\\\/\\\/perfact-group.com\\\/de\\\/seit-125-jahren-macht-monique-den-unterschied-fuer-perfact\\\/\"},\"author\":{\"name\":\"rtw\",\"@id\":\"https:\\\/\\\/perfact-group.com\\\/de\\\/#\\\/schema\\\/person\\\/6b30055c43bb220dcbf59d28b5a201f4\"},\"headline\":\"Seit 12,5 Jahren macht Monique den Unterschied f\u00fcr Perfact\",\"datePublished\":\"2020-06-09T09:21:00+00:00\",\"mainEntityOfPage\":{\"@id\":\"https:\\\/\\\/perfact-group.com\\\/de\\\/seit-125-jahren-macht-monique-den-unterschied-fuer-perfact\\\/\"},\"wordCount\":127,\"commentCount\":0,\"image\":{\"@id\":\"https:\\\/\\\/perfact-group.com\\\/de\\\/seit-125-jahren-macht-monique-den-unterschied-fuer-perfact\\\/#primaryimage\"},\"thumbnailUrl\":\"https:\\\/\\\/perfact-group.com\\\/wp-content\\\/uploads\\\/2023\\\/09\\\/IMG_5702-1.jpg\",\"keywords\":[\"Team\"],\"articleSection\":[\"Nachricht\"],\"inLanguage\":\"de\"},{\"@type\":\"WebPage\",\"@id\":\"https:\\\/\\\/perfact-group.com\\\/de\\\/seit-125-jahren-macht-monique-den-unterschied-fuer-perfact\\\/\",\"url\":\"https:\\\/\\\/perfact-group.com\\\/de\\\/seit-125-jahren-macht-monique-den-unterschied-fuer-perfact\\\/\",\"name\":\"Seit 12,5 Jahren macht Monique den Unterschied f\u00fcr Perfact - Perfact Group\",\"isPartOf\":{\"@id\":\"https:\\\/\\\/perfact-group.com\\\/de\\\/#website\"},\"primaryImageOfPage\":{\"@id\":\"https:\\\/\\\/perfact-group.com\\\/de\\\/seit-125-jahren-macht-monique-den-unterschied-fuer-perfact\\\/#primaryimage\"},\"image\":{\"@id\":\"https:\\\/\\\/perfact-group.com\\\/de\\\/seit-125-jahren-macht-monique-den-unterschied-fuer-perfact\\\/#primaryimage\"},\"thumbnailUrl\":\"https:\\\/\\\/perfact-group.com\\\/wp-content\\\/uploads\\\/2023\\\/09\\\/IMG_5702-1.jpg\",\"datePublished\":\"2020-06-09T09:21:00+00:00\",\"author\":{\"@id\":\"https:\\\/\\\/perfact-group.com\\\/de\\\/#\\\/schema\\\/person\\\/6b30055c43bb220dcbf59d28b5a201f4\"},\"breadcrumb\":{\"@id\":\"https:\\\/\\\/perfact-group.com\\\/de\\\/seit-125-jahren-macht-monique-den-unterschied-fuer-perfact\\\/#breadcrumb\"},\"inLanguage\":\"de\",\"potentialAction\":[{\"@type\":\"ReadAction\",\"target\":[\"https:\\\/\\\/perfact-group.com\\\/de\\\/seit-125-jahren-macht-monique-den-unterschied-fuer-perfact\\\/\"]}]},{\"@type\":\"ImageObject\",\"inLanguage\":\"de\",\"@id\":\"https:\\\/\\\/perfact-group.com\\\/de\\\/seit-125-jahren-macht-monique-den-unterschied-fuer-perfact\\\/#primaryimage\",\"url\":\"https:\\\/\\\/perfact-group.com\\\/wp-content\\\/uploads\\\/2023\\\/09\\\/IMG_5702-1.jpg\",\"contentUrl\":\"https:\\\/\\\/perfact-group.com\\\/wp-content\\\/uploads\\\/2023\\\/09\\\/IMG_5702-1.jpg\",\"width\":1920,\"height\":1281},{\"@type\":\"BreadcrumbList\",\"@id\":\"https:\\\/\\\/perfact-group.com\\\/de\\\/seit-125-jahren-macht-monique-den-unterschied-fuer-perfact\\\/#breadcrumb\",\"itemListElement\":[{\"@type\":\"ListItem\",\"position\":1,\"name\":\"Home\",\"item\":\"https:\\\/\\\/perfact-group.com\\\/de\\\/\"},{\"@type\":\"ListItem\",\"position\":2,\"name\":\"Seit 12,5 Jahren macht Monique den Unterschied f\u00fcr Perfact\"}]},{\"@type\":\"WebSite\",\"@id\":\"https:\\\/\\\/perfact-group.com\\\/de\\\/#website\",\"url\":\"https:\\\/\\\/perfact-group.com\\\/de\\\/\",\"name\":\"Perfact Group\",\"description\":\"Make the difference\",\"potentialAction\":[{\"@type\":\"SearchAction\",\"target\":{\"@type\":\"EntryPoint\",\"urlTemplate\":\"https:\\\/\\\/perfact-group.com\\\/de\\\/?s={search_term_string}\"},\"query-input\":{\"@type\":\"PropertyValueSpecification\",\"valueRequired\":true,\"valueName\":\"search_term_string\"}}],\"inLanguage\":\"de\"},{\"@type\":\"Person\",\"@id\":\"https:\\\/\\\/perfact-group.com\\\/de\\\/#\\\/schema\\\/person\\\/6b30055c43bb220dcbf59d28b5a201f4\",\"name\":\"rtw\",\"url\":\"https:\\\/\\\/perfact-group.com\\\/de\\\/author\\\/rtw\\\/\"}]}<\/script>\n<!-- \/ Yoast SEO plugin. -->","yoast_head_json":{"title":"Seit 12,5 Jahren macht Monique den Unterschied f\u00fcr Perfact - Perfact Group","robots":{"index":"index","follow":"follow","max-snippet":"max-snippet:-1","max-image-preview":"max-image-preview:large","max-video-preview":"max-video-preview:-1"},"canonical":"https:\/\/perfact-group.com\/de\/seit-125-jahren-macht-monique-den-unterschied-fuer-perfact\/","og_locale":"de_DE","og_type":"article","og_title":"Seit 12,5 Jahren macht Monique den Unterschied f\u00fcr Perfact - Perfact Group","og_description":"Seit 12,5 Jahren macht sie in der Abteilung Business Support von Perfact den Unterschied. Monique Deenen ist eine unserer Mitarbeiterinnen der ersten Stunde. Sie hat nicht nur ihre Abteilung und...","og_url":"https:\/\/perfact-group.com\/de\/seit-125-jahren-macht-monique-den-unterschied-fuer-perfact\/","og_site_name":"Perfact Group","article_published_time":"2020-06-09T09:21:00+00:00","og_image":[{"width":1920,"height":1281,"url":"https:\/\/perfact-group.com\/wp-content\/uploads\/2023\/09\/IMG_5702-1.jpg","type":"image\/jpeg"}],"author":"rtw","twitter_card":"summary_large_image","twitter_misc":{"Verfasst von":"rtw","Gesch\u00e4tzte Lesezeit":"1\u00a0Minute"},"schema":{"@context":"https:\/\/schema.org","@graph":[{"@type":"Article","@id":"https:\/\/perfact-group.com\/de\/seit-125-jahren-macht-monique-den-unterschied-fuer-perfact\/#article","isPartOf":{"@id":"https:\/\/perfact-group.com\/de\/seit-125-jahren-macht-monique-den-unterschied-fuer-perfact\/"},"author":{"name":"rtw","@id":"https:\/\/perfact-group.com\/de\/#\/schema\/person\/6b30055c43bb220dcbf59d28b5a201f4"},"headline":"Seit 12,5 Jahren macht Monique den Unterschied f\u00fcr Perfact","datePublished":"2020-06-09T09:21:00+00:00","mainEntityOfPage":{"@id":"https:\/\/perfact-group.com\/de\/seit-125-jahren-macht-monique-den-unterschied-fuer-perfact\/"},"wordCount":127,"commentCount":0,"image":{"@id":"https:\/\/perfact-group.com\/de\/seit-125-jahren-macht-monique-den-unterschied-fuer-perfact\/#primaryimage"},"thumbnailUrl":"https:\/\/perfact-group.com\/wp-content\/uploads\/2023\/09\/IMG_5702-1.jpg","keywords":["Team"],"articleSection":["Nachricht"],"inLanguage":"de"},{"@type":"WebPage","@id":"https:\/\/perfact-group.com\/de\/seit-125-jahren-macht-monique-den-unterschied-fuer-perfact\/","url":"https:\/\/perfact-group.com\/de\/seit-125-jahren-macht-monique-den-unterschied-fuer-perfact\/","name":"Seit 12,5 Jahren macht Monique den Unterschied f\u00fcr Perfact - Perfact Group","isPartOf":{"@id":"https:\/\/perfact-group.com\/de\/#website"},"primaryImageOfPage":{"@id":"https:\/\/perfact-group.com\/de\/seit-125-jahren-macht-monique-den-unterschied-fuer-perfact\/#primaryimage"},"image":{"@id":"https:\/\/perfact-group.com\/de\/seit-125-jahren-macht-monique-den-unterschied-fuer-perfact\/#primaryimage"},"thumbnailUrl":"https:\/\/perfact-group.com\/wp-content\/uploads\/2023\/09\/IMG_5702-1.jpg","datePublished":"2020-06-09T09:21:00+00:00","author":{"@id":"https:\/\/perfact-group.com\/de\/#\/schema\/person\/6b30055c43bb220dcbf59d28b5a201f4"},"breadcrumb":{"@id":"https:\/\/perfact-group.com\/de\/seit-125-jahren-macht-monique-den-unterschied-fuer-perfact\/#breadcrumb"},"inLanguage":"de","potentialAction":[{"@type":"ReadAction","target":["https:\/\/perfact-group.com\/de\/seit-125-jahren-macht-monique-den-unterschied-fuer-perfact\/"]}]},{"@type":"ImageObject","inLanguage":"de","@id":"https:\/\/perfact-group.com\/de\/seit-125-jahren-macht-monique-den-unterschied-fuer-perfact\/#primaryimage","url":"https:\/\/perfact-group.com\/wp-content\/uploads\/2023\/09\/IMG_5702-1.jpg","contentUrl":"https:\/\/perfact-group.com\/wp-content\/uploads\/2023\/09\/IMG_5702-1.jpg","width":1920,"height":1281},{"@type":"BreadcrumbList","@id":"https:\/\/perfact-group.com\/de\/seit-125-jahren-macht-monique-den-unterschied-fuer-perfact\/#breadcrumb","itemListElement":[{"@type":"ListItem","position":1,"name":"Home","item":"https:\/\/perfact-group.com\/de\/"},{"@type":"ListItem","position":2,"name":"Seit 12,5 Jahren macht Monique den Unterschied f\u00fcr Perfact"}]},{"@type":"WebSite","@id":"https:\/\/perfact-group.com\/de\/#website","url":"https:\/\/perfact-group.com\/de\/","name":"Perfact Group","description":"Make the difference","potentialAction":[{"@type":"SearchAction","target":{"@type":"EntryPoint","urlTemplate":"https:\/\/perfact-group.com\/de\/?s={search_term_string}"},"query-input":{"@type":"PropertyValueSpecification","valueRequired":true,"valueName":"search_term_string"}}],"inLanguage":"de"},{"@type":"Person","@id":"https:\/\/perfact-group.com\/de\/#\/schema\/person\/6b30055c43bb220dcbf59d28b5a201f4","name":"rtw","url":"https:\/\/perfact-group.com\/de\/author\/rtw\/"}]}},"_links":{"self":[{"href":"https:\/\/perfact-group.com\/de\/wp-json\/wp\/v2\/posts\/10858","targetHints":{"allow":["GET"]}}],"collection":[{"href":"https:\/\/perfact-group.com\/de\/wp-json\/wp\/v2\/posts"}],"about":[{"href":"https:\/\/perfact-group.com\/de\/wp-json\/wp\/v2\/types\/post"}],"author":[{"embeddable":true,"href":"https:\/\/perfact-group.com\/de\/wp-json\/wp\/v2\/users\/29"}],"replies":[{"embeddable":true,"href":"https:\/\/perfact-group.com\/de\/wp-json\/wp\/v2\/comments?post=10858"}],"version-history":[{"count":0,"href":"https:\/\/perfact-group.com\/de\/wp-json\/wp\/v2\/posts\/10858\/revisions"}],"wp:featuredmedia":[{"embeddable":true,"href":"https:\/\/perfact-group.com\/de\/wp-json\/wp\/v2\/media\/9681"}],"wp:attachment":[{"href":"https:\/\/perfact-group.com\/de\/wp-json\/wp\/v2\/media?parent=10858"}],"wp:term":[{"taxonomy":"category","embeddable":true,"href":"https:\/\/perfact-group.com\/de\/wp-json\/wp\/v2\/categories?post=10858"},{"taxonomy":"post_tag","embeddable":true,"href":"https:\/\/perfact-group.com\/de\/wp-json\/wp\/v2\/tags?post=10858"}],"curies":[{"name":"wp","href":"https:\/\/api.w.org\/{rel}","templated":true}]}}