{"id":10899,"date":"2021-01-28T14:45:30","date_gmt":"2021-01-28T13:45:30","guid":{"rendered":"https:\/\/perfact-group.com\/jean-karina-en-dominique-zijn-perfact\/"},"modified":"2023-09-15T14:11:57","modified_gmt":"2023-09-15T12:11:57","slug":"jean-karina-en-dominique-zijn-perfact","status":"publish","type":"post","link":"https:\/\/perfact-group.com\/de\/jean-karina-en-dominique-zijn-perfact\/","title":{"rendered":"Jean, Karina und Dominique sind Perfact"},"content":{"rendered":"<p><strong>Bereits im Januar 2020 wurden Jean und Karina Peters-Jeurissen durch die \u00dcbernahme von PetersJeurissen Coaching &amp; Consultancy Teil der Perfact Group. Durch die \u00dcbernahme der Firma LTV-Training ist auch Dominique Grosjean zu Beginn des neuen Jahres zur Perfact Group gesto\u00dfen. Mit seinem Wissen und seinen F\u00e4higkeiten im Bereich Coaching und Training ist er eine wertvolle Erg\u00e4nzung zu dem, was Karina und Jean mit der Peters-Jeurissen-Methode bereits f\u00fcr unsere Kunden bedeuten. Gemeinsam bilden sie das Team im Bereich Coaching und Unternehmensberatung. Wir freuen uns, sie Ihnen vorstellen zu k\u00f6nnen.<\/strong><\/p>\n<h2>Unsere Trainer<\/h2>\n<p>Unsere Coaches haben umfangreiche Erfahrungen in verschiedenen Branchen und Bereichen gesammelt. Jede hat ihre eigene Expertise. Jean und Karina sind schon seit geraumer Zeit ein Team, sowohl beruflich als auch privat. Karina hat ihre Karriere im \u00f6ffentlichen Sektor und Jean in der Privatwirtschaft aufgebaut. Mit Dominique kommt ein dritter Hintergrund hinzu, da er seit \u00fcber 19 Jahren im Bereich Verteidigung mitarbeiten kann.<\/p>\n<p>Die Kombination dieser Hintergr\u00fcnde sorgt daf\u00fcr, dass jeder seinen eigenen Antrieb und seine eigene Expertise hat. Karina hat ein gro\u00dfes Einf\u00fchlungsverm\u00f6gen und schafft eine sichere Umgebung. Charakteristisch f\u00fcr ihren Ansatz sind: Begegnen, Entdecken und Entwickeln und diese mit Denken, F\u00fchlen und Handeln verbinden. Karina ist spezialisiert auf pers\u00f6nliches Coaching, Teamcoaching, Executive Search, Unternehmensberatung und Karrieremanagement-Aktivit\u00e4ten. Jean&#8217;s Arbeitsmethoden basieren auf gegenseitigem Respekt, Vertrauen und Offenheit. Daraus ergibt sich eine tiefgreifende Beziehung in den Bereichen (pers\u00f6nliches) Coaching, Teamcoaching, Executive Search, Unternehmensberatung und Karrieremanagement. Dominique&#8217;s Leidenschaft ist das Coaching von F\u00fchrungskr\u00e4ften, P\u00e4dagogen und\/oder Trainern und im Laufe der Jahre hat er ein umfangreiches Wissen \u00fcber die Methode des &#8218;Erfahrung lernen&#8216; erworben.<\/p>\n<h2>Make the Difference<\/h2>\n<p>Das Angebot an Dienstleistungen und Fachwissen innerhalb von Perfact Coaching und Management Consultancy ist umfangreich und in Kombination mit der Anwendung der bew\u00e4hrten PeterJeurissen-Methode sind wir stets in der Lage, unseren Kunden ma\u00dfgeschneiderte L\u00f6sungen zu bieten. Keine einzige Methode ist dabei f\u00fchrend. &#8222;Mit Dominique&#8217;s Ankunft und den Spezialgebieten und Erfahrungen, die er mitbringt, k\u00f6nnen wir unseren Kunden ein noch breiteres und fokussierteres Paket anbieten und einen noch gr\u00f6\u00dferen Unterschied machen&#8220;, sagt Karina.<\/p>\n<p>Daran kn\u00fcpft Dominique an: &#8222;Gerade die Kombination aus Hard- und Soft-Skills, die wir anbieten k\u00f6nnen, macht unseren Ansatz einzigartig, aber nicht unwichtig auch nachhaltig, der Einsatz unseres Coaching-Programms ist \u00fcber Jahre hinweg wirksam&#8220;.<\/p>\n<p>&#8222;Mit unseren Coaching- und Managementberatungsprogrammen arbeiten wir an der Entwicklung von Menschen, individuell, aber auch als Team. Auch bei Perfact finden wir diese Entwicklung wichtig und wenden sie deshalb auch auf unsere eigenen Mitarbeiter an. Dar\u00fcber hinaus sind wir nat\u00fcrlich Teil eines gr\u00f6\u00dferen Ganzen, und es ist m\u00f6glich, dass es andere Schmerzpunkte innerhalb einer Organisation gibt, bei denen Perfact eine Rolle spielen kann. Wir schauen weiter und haben die M\u00f6glichkeit, dies zu tun&#8220;, sagt Jean.<\/p>\n<p>W\u00fcnschen Sie weitere Informationen oder eine unverbindliche Beratung? <a href=\"https:\/\/www.perfact-group.com\/business\/coaching\/?lang=de\">Klicken Sie hier, um mehr zu lesen&#8230;<\/a><\/p>\n","protected":false},"excerpt":{"rendered":"<p>Bereits im Januar 2020 wurden Jean und Karina Peters-Jeurissen durch die \u00dcbernahme von PetersJeurissen Coaching &amp; Consultancy Teil der Perfact Group. Durch die \u00dcbernahme der Firma LTV-Training ist auch Dominique&#8230;<\/p>\n","protected":false},"author":31,"featured_media":9727,"comment_status":"closed","ping_status":"closed","sticky":false,"template":"","format":"standard","meta":{"_acf_changed":false,"footnotes":""},"categories":[1369],"tags":[1371,1423,1409],"class_list":{"0":"post-10899","1":"post","2":"type-post","3":"status-publish","4":"format-standard","5":"has-post-thumbnail","7":"category-nachricht","8":"tag-akademie","9":"tag-human-development-de","10":"tag-team-de"},"acf":[],"yoast_head":"<!-- This site is optimized with the Yoast SEO plugin v27.3 - https:\/\/yoast.com\/product\/yoast-seo-wordpress\/ -->\n<title>Jean, Karina und Dominique sind Perfact - Perfact Group<\/title>\n<meta name=\"robots\" content=\"index, follow, max-snippet:-1, max-image-preview:large, max-video-preview:-1\" \/>\n<link rel=\"canonical\" href=\"https:\/\/perfact-group.com\/de\/jean-karina-en-dominique-zijn-perfact\/\" \/>\n<meta property=\"og:locale\" content=\"de_DE\" \/>\n<meta property=\"og:type\" content=\"article\" \/>\n<meta property=\"og:title\" content=\"Jean, Karina und Dominique sind Perfact - Perfact Group\" \/>\n<meta property=\"og:description\" content=\"Bereits im Januar 2020 wurden Jean und Karina Peters-Jeurissen durch die \u00dcbernahme von PetersJeurissen Coaching &amp; Consultancy Teil der Perfact Group. Durch die \u00dcbernahme der Firma LTV-Training ist auch Dominique...\" \/>\n<meta property=\"og:url\" content=\"https:\/\/perfact-group.com\/de\/jean-karina-en-dominique-zijn-perfact\/\" \/>\n<meta property=\"og:site_name\" content=\"Perfact Group\" \/>\n<meta property=\"article:published_time\" content=\"2021-01-28T13:45:30+00:00\" \/>\n<meta property=\"article:modified_time\" content=\"2023-09-15T12:11:57+00:00\" \/>\n<meta property=\"og:image\" content=\"https:\/\/perfact-group.com\/wp-content\/uploads\/2023\/09\/MCM_21011401037-perfact-1.jpg\" \/>\n\t<meta property=\"og:image:width\" content=\"1920\" \/>\n\t<meta property=\"og:image:height\" content=\"1280\" \/>\n\t<meta property=\"og:image:type\" content=\"image\/jpeg\" \/>\n<meta name=\"author\" content=\"Sharon C\u00f6rvers\" \/>\n<meta name=\"twitter:card\" content=\"summary_large_image\" \/>\n<meta name=\"twitter:label1\" content=\"Verfasst von\" \/>\n\t<meta name=\"twitter:data1\" content=\"Sharon C\u00f6rvers\" \/>\n\t<meta name=\"twitter:label2\" content=\"Gesch\u00e4tzte Lesezeit\" \/>\n\t<meta name=\"twitter:data2\" content=\"2\u00a0Minuten\" \/>\n<script type=\"application\/ld+json\" class=\"yoast-schema-graph\">{\"@context\":\"https:\\\/\\\/schema.org\",\"@graph\":[{\"@type\":\"Article\",\"@id\":\"https:\\\/\\\/perfact-group.com\\\/de\\\/jean-karina-en-dominique-zijn-perfact\\\/#article\",\"isPartOf\":{\"@id\":\"https:\\\/\\\/perfact-group.com\\\/de\\\/jean-karina-en-dominique-zijn-perfact\\\/\"},\"author\":{\"name\":\"Sharon C\u00f6rvers\",\"@id\":\"https:\\\/\\\/perfact-group.com\\\/de\\\/#\\\/schema\\\/person\\\/87bb7c9575a9e1aa5674dd106ba47eaf\"},\"headline\":\"Jean, Karina und Dominique sind Perfact\",\"datePublished\":\"2021-01-28T13:45:30+00:00\",\"dateModified\":\"2023-09-15T12:11:57+00:00\",\"mainEntityOfPage\":{\"@id\":\"https:\\\/\\\/perfact-group.com\\\/de\\\/jean-karina-en-dominique-zijn-perfact\\\/\"},\"wordCount\":498,\"image\":{\"@id\":\"https:\\\/\\\/perfact-group.com\\\/de\\\/jean-karina-en-dominique-zijn-perfact\\\/#primaryimage\"},\"thumbnailUrl\":\"https:\\\/\\\/perfact-group.com\\\/wp-content\\\/uploads\\\/2023\\\/09\\\/MCM_21011401037-perfact-1.jpg\",\"keywords\":[\"Akademie\",\"Human Development\",\"Team\"],\"articleSection\":[\"Nachricht\"],\"inLanguage\":\"de\"},{\"@type\":\"WebPage\",\"@id\":\"https:\\\/\\\/perfact-group.com\\\/de\\\/jean-karina-en-dominique-zijn-perfact\\\/\",\"url\":\"https:\\\/\\\/perfact-group.com\\\/de\\\/jean-karina-en-dominique-zijn-perfact\\\/\",\"name\":\"Jean, Karina und Dominique sind Perfact - Perfact Group\",\"isPartOf\":{\"@id\":\"https:\\\/\\\/perfact-group.com\\\/de\\\/#website\"},\"primaryImageOfPage\":{\"@id\":\"https:\\\/\\\/perfact-group.com\\\/de\\\/jean-karina-en-dominique-zijn-perfact\\\/#primaryimage\"},\"image\":{\"@id\":\"https:\\\/\\\/perfact-group.com\\\/de\\\/jean-karina-en-dominique-zijn-perfact\\\/#primaryimage\"},\"thumbnailUrl\":\"https:\\\/\\\/perfact-group.com\\\/wp-content\\\/uploads\\\/2023\\\/09\\\/MCM_21011401037-perfact-1.jpg\",\"datePublished\":\"2021-01-28T13:45:30+00:00\",\"dateModified\":\"2023-09-15T12:11:57+00:00\",\"author\":{\"@id\":\"https:\\\/\\\/perfact-group.com\\\/de\\\/#\\\/schema\\\/person\\\/87bb7c9575a9e1aa5674dd106ba47eaf\"},\"breadcrumb\":{\"@id\":\"https:\\\/\\\/perfact-group.com\\\/de\\\/jean-karina-en-dominique-zijn-perfact\\\/#breadcrumb\"},\"inLanguage\":\"de\",\"potentialAction\":[{\"@type\":\"ReadAction\",\"target\":[\"https:\\\/\\\/perfact-group.com\\\/de\\\/jean-karina-en-dominique-zijn-perfact\\\/\"]}]},{\"@type\":\"ImageObject\",\"inLanguage\":\"de\",\"@id\":\"https:\\\/\\\/perfact-group.com\\\/de\\\/jean-karina-en-dominique-zijn-perfact\\\/#primaryimage\",\"url\":\"https:\\\/\\\/perfact-group.com\\\/wp-content\\\/uploads\\\/2023\\\/09\\\/MCM_21011401037-perfact-1.jpg\",\"contentUrl\":\"https:\\\/\\\/perfact-group.com\\\/wp-content\\\/uploads\\\/2023\\\/09\\\/MCM_21011401037-perfact-1.jpg\",\"width\":1920,\"height\":1280},{\"@type\":\"BreadcrumbList\",\"@id\":\"https:\\\/\\\/perfact-group.com\\\/de\\\/jean-karina-en-dominique-zijn-perfact\\\/#breadcrumb\",\"itemListElement\":[{\"@type\":\"ListItem\",\"position\":1,\"name\":\"Home\",\"item\":\"https:\\\/\\\/perfact-group.com\\\/de\\\/\"},{\"@type\":\"ListItem\",\"position\":2,\"name\":\"Jean, Karina und Dominique sind Perfact\"}]},{\"@type\":\"WebSite\",\"@id\":\"https:\\\/\\\/perfact-group.com\\\/de\\\/#website\",\"url\":\"https:\\\/\\\/perfact-group.com\\\/de\\\/\",\"name\":\"Perfact Group\",\"description\":\"Make the difference\",\"potentialAction\":[{\"@type\":\"SearchAction\",\"target\":{\"@type\":\"EntryPoint\",\"urlTemplate\":\"https:\\\/\\\/perfact-group.com\\\/de\\\/?s={search_term_string}\"},\"query-input\":{\"@type\":\"PropertyValueSpecification\",\"valueRequired\":true,\"valueName\":\"search_term_string\"}}],\"inLanguage\":\"de\"},{\"@type\":\"Person\",\"@id\":\"https:\\\/\\\/perfact-group.com\\\/de\\\/#\\\/schema\\\/person\\\/87bb7c9575a9e1aa5674dd106ba47eaf\",\"name\":\"Sharon C\u00f6rvers\",\"url\":\"https:\\\/\\\/perfact-group.com\\\/de\\\/author\\\/sharonkonickx\\\/\"}]}<\/script>\n<!-- \/ Yoast SEO plugin. -->","yoast_head_json":{"title":"Jean, Karina und Dominique sind Perfact - Perfact Group","robots":{"index":"index","follow":"follow","max-snippet":"max-snippet:-1","max-image-preview":"max-image-preview:large","max-video-preview":"max-video-preview:-1"},"canonical":"https:\/\/perfact-group.com\/de\/jean-karina-en-dominique-zijn-perfact\/","og_locale":"de_DE","og_type":"article","og_title":"Jean, Karina und Dominique sind Perfact - Perfact Group","og_description":"Bereits im Januar 2020 wurden Jean und Karina Peters-Jeurissen durch die \u00dcbernahme von PetersJeurissen Coaching &amp; Consultancy Teil der Perfact Group. Durch die \u00dcbernahme der Firma LTV-Training ist auch Dominique...","og_url":"https:\/\/perfact-group.com\/de\/jean-karina-en-dominique-zijn-perfact\/","og_site_name":"Perfact Group","article_published_time":"2021-01-28T13:45:30+00:00","article_modified_time":"2023-09-15T12:11:57+00:00","og_image":[{"width":1920,"height":1280,"url":"https:\/\/perfact-group.com\/wp-content\/uploads\/2023\/09\/MCM_21011401037-perfact-1.jpg","type":"image\/jpeg"}],"author":"Sharon C\u00f6rvers","twitter_card":"summary_large_image","twitter_misc":{"Verfasst von":"Sharon C\u00f6rvers","Gesch\u00e4tzte Lesezeit":"2\u00a0Minuten"},"schema":{"@context":"https:\/\/schema.org","@graph":[{"@type":"Article","@id":"https:\/\/perfact-group.com\/de\/jean-karina-en-dominique-zijn-perfact\/#article","isPartOf":{"@id":"https:\/\/perfact-group.com\/de\/jean-karina-en-dominique-zijn-perfact\/"},"author":{"name":"Sharon C\u00f6rvers","@id":"https:\/\/perfact-group.com\/de\/#\/schema\/person\/87bb7c9575a9e1aa5674dd106ba47eaf"},"headline":"Jean, Karina und Dominique sind Perfact","datePublished":"2021-01-28T13:45:30+00:00","dateModified":"2023-09-15T12:11:57+00:00","mainEntityOfPage":{"@id":"https:\/\/perfact-group.com\/de\/jean-karina-en-dominique-zijn-perfact\/"},"wordCount":498,"image":{"@id":"https:\/\/perfact-group.com\/de\/jean-karina-en-dominique-zijn-perfact\/#primaryimage"},"thumbnailUrl":"https:\/\/perfact-group.com\/wp-content\/uploads\/2023\/09\/MCM_21011401037-perfact-1.jpg","keywords":["Akademie","Human Development","Team"],"articleSection":["Nachricht"],"inLanguage":"de"},{"@type":"WebPage","@id":"https:\/\/perfact-group.com\/de\/jean-karina-en-dominique-zijn-perfact\/","url":"https:\/\/perfact-group.com\/de\/jean-karina-en-dominique-zijn-perfact\/","name":"Jean, Karina und Dominique sind Perfact - Perfact Group","isPartOf":{"@id":"https:\/\/perfact-group.com\/de\/#website"},"primaryImageOfPage":{"@id":"https:\/\/perfact-group.com\/de\/jean-karina-en-dominique-zijn-perfact\/#primaryimage"},"image":{"@id":"https:\/\/perfact-group.com\/de\/jean-karina-en-dominique-zijn-perfact\/#primaryimage"},"thumbnailUrl":"https:\/\/perfact-group.com\/wp-content\/uploads\/2023\/09\/MCM_21011401037-perfact-1.jpg","datePublished":"2021-01-28T13:45:30+00:00","dateModified":"2023-09-15T12:11:57+00:00","author":{"@id":"https:\/\/perfact-group.com\/de\/#\/schema\/person\/87bb7c9575a9e1aa5674dd106ba47eaf"},"breadcrumb":{"@id":"https:\/\/perfact-group.com\/de\/jean-karina-en-dominique-zijn-perfact\/#breadcrumb"},"inLanguage":"de","potentialAction":[{"@type":"ReadAction","target":["https:\/\/perfact-group.com\/de\/jean-karina-en-dominique-zijn-perfact\/"]}]},{"@type":"ImageObject","inLanguage":"de","@id":"https:\/\/perfact-group.com\/de\/jean-karina-en-dominique-zijn-perfact\/#primaryimage","url":"https:\/\/perfact-group.com\/wp-content\/uploads\/2023\/09\/MCM_21011401037-perfact-1.jpg","contentUrl":"https:\/\/perfact-group.com\/wp-content\/uploads\/2023\/09\/MCM_21011401037-perfact-1.jpg","width":1920,"height":1280},{"@type":"BreadcrumbList","@id":"https:\/\/perfact-group.com\/de\/jean-karina-en-dominique-zijn-perfact\/#breadcrumb","itemListElement":[{"@type":"ListItem","position":1,"name":"Home","item":"https:\/\/perfact-group.com\/de\/"},{"@type":"ListItem","position":2,"name":"Jean, Karina und Dominique sind Perfact"}]},{"@type":"WebSite","@id":"https:\/\/perfact-group.com\/de\/#website","url":"https:\/\/perfact-group.com\/de\/","name":"Perfact Group","description":"Make the difference","potentialAction":[{"@type":"SearchAction","target":{"@type":"EntryPoint","urlTemplate":"https:\/\/perfact-group.com\/de\/?s={search_term_string}"},"query-input":{"@type":"PropertyValueSpecification","valueRequired":true,"valueName":"search_term_string"}}],"inLanguage":"de"},{"@type":"Person","@id":"https:\/\/perfact-group.com\/de\/#\/schema\/person\/87bb7c9575a9e1aa5674dd106ba47eaf","name":"Sharon C\u00f6rvers","url":"https:\/\/perfact-group.com\/de\/author\/sharonkonickx\/"}]}},"_links":{"self":[{"href":"https:\/\/perfact-group.com\/de\/wp-json\/wp\/v2\/posts\/10899","targetHints":{"allow":["GET"]}}],"collection":[{"href":"https:\/\/perfact-group.com\/de\/wp-json\/wp\/v2\/posts"}],"about":[{"href":"https:\/\/perfact-group.com\/de\/wp-json\/wp\/v2\/types\/post"}],"author":[{"embeddable":true,"href":"https:\/\/perfact-group.com\/de\/wp-json\/wp\/v2\/users\/31"}],"replies":[{"embeddable":true,"href":"https:\/\/perfact-group.com\/de\/wp-json\/wp\/v2\/comments?post=10899"}],"version-history":[{"count":1,"href":"https:\/\/perfact-group.com\/de\/wp-json\/wp\/v2\/posts\/10899\/revisions"}],"predecessor-version":[{"id":13027,"href":"https:\/\/perfact-group.com\/de\/wp-json\/wp\/v2\/posts\/10899\/revisions\/13027"}],"wp:featuredmedia":[{"embeddable":true,"href":"https:\/\/perfact-group.com\/de\/wp-json\/wp\/v2\/media\/9727"}],"wp:attachment":[{"href":"https:\/\/perfact-group.com\/de\/wp-json\/wp\/v2\/media?parent=10899"}],"wp:term":[{"taxonomy":"category","embeddable":true,"href":"https:\/\/perfact-group.com\/de\/wp-json\/wp\/v2\/categories?post=10899"},{"taxonomy":"post_tag","embeddable":true,"href":"https:\/\/perfact-group.com\/de\/wp-json\/wp\/v2\/tags?post=10899"}],"curies":[{"name":"wp","href":"https:\/\/api.w.org\/{rel}","templated":true}]}}