{"id":10908,"date":"2021-02-04T14:20:48","date_gmt":"2021-02-04T13:20:48","guid":{"rendered":"https:\/\/perfact-group.com\/al-voorbereid-op-de-tijd-na-corona\/"},"modified":"2023-09-15T14:11:40","modified_gmt":"2023-09-15T12:11:40","slug":"al-voorbereid-op-de-tijd-na-corona","status":"publish","type":"post","link":"https:\/\/perfact-group.com\/de\/al-voorbereid-op-de-tijd-na-corona\/","title":{"rendered":"Schon vorbereitet auf die Zeit nach Corona?"},"content":{"rendered":"<p><strong>Wir sind noch mittendrin, aber irgendwo sp\u00fcren wir es alle: Es ist Licht am Ende des Tunnels. Impfungen wurden eingef\u00fchrt, strengere Ma\u00dfnahmen tragen Fr\u00fcchte und dies wird hoffentlich zu mehr Freiheit im Privatleben, aber auch im Beruf beitragen. Denn monatelanges Arbeiten in der Ferne, ob zu Hause oder mit Distanzma\u00dfnahmen am Arbeitsplatz, l\u00e4sst Sie nicht kalt&#8230; <\/strong><\/p>\n<p>Wir fragen uns daher, haben Sie schon daran gedacht, sich jetzt auf die Zeit nach der Corona-Phase vorzubereiten oder wenn es wieder mehr Freiheiten gibt? Vielleicht braucht Ihr Team einen Schub, weil es sich ein wenig aus den Augen verloren hat? Oder haben Sie in dieser Corona-Phase gemerkt, dass im Team etwas strukturell falsch l\u00e4uft und wollen Sie das angehen? Wollen Sie die Belastbarkeit Ihrer Mitarbeiter erh\u00f6hen? Oder wollen Sie aus Sicht Ihrer F\u00fchrung neue Arbeitsmethoden einf\u00fchren, die zum &#8222;neuen Normal&#8220; passen?<\/p>\n<p>Wir von Perfact sind mit unseren Coaches bereit, Ihnen das n\u00f6tige Fachwissen f\u00fcr die Vorbereitung, Durchf\u00fchrung und den Abschluss auf jeder Ebene der Organisation zu bieten. Auf die Zeit nach der Corona vorbereitet zu sein, verhindert unn\u00f6tiges St\u00f6rfallmanagement.<\/p>\n<h2><strong>Verbinden wir?<\/strong><\/h2>\n<p>Alles dreht sich um Vertrauen. Deshalb beginnen wir immer mit einem unverbindlichen Beratungsgespr\u00e4ch. Zum gegenseitigen Kennenlernen, zum besseren Verst\u00e4ndnis der Erwartungen und zur Beratung. Ein wichtiger Erfolgsfaktor ist die Bereitschaft, sich darauf offen einzulassen und als F\u00fchrungskraft und\/oder Team das Beste aus sich herauszuholen. Wir werden weiterhin Fragen stellen, um Ihre wesentlichste Frage zu kl\u00e4ren. Wenn wir uns verbinden und beide Parteien einverstanden sind, setzen wir den Prozess fort.<\/p>\n<p>Wenn es um Team-Coaching geht, haben wir eine Menge Fachwissen und F\u00e4higkeiten im Haus. Wir lehren jeden Einzelnen im Team, (systemische) Interaktionsmuster zu erkennen und diese weiterzuentwickeln oder zu ver\u00e4ndern. Das ultimative Ziel ist es, den Einzelnen und das Team weiter wachsen zu lassen. Wir verwenden daf\u00fcr spezifische Techniken und Methoden, wobei keine einzelne Methode oder Technik f\u00fchrend ist. Es gibt kein festes Programm pro Ausgabe, jedes Team ist anders und erfordert daher einen anderen Ansatz. Wir liefern immer ma\u00dfgeschneiderte L\u00f6sungen.<\/p>\n<p><a href=\"https:\/\/www.perfact-group.com\/business\/coaching\/?lang=de\">Schauen Sie hier f\u00fcr weitere Informationen \u00fcber unsere Coaching &amp; Management Consultancy Dienstleistungen.<\/a><\/p>\n","protected":false},"excerpt":{"rendered":"<p>Wir sind noch mittendrin, aber irgendwo sp\u00fcren wir es alle: Es ist Licht am Ende des Tunnels. Impfungen wurden eingef\u00fchrt, strengere Ma\u00dfnahmen tragen Fr\u00fcchte und dies wird hoffentlich zu mehr&#8230;<\/p>\n","protected":false},"author":31,"featured_media":9733,"comment_status":"closed","ping_status":"closed","sticky":false,"template":"","format":"standard","meta":{"_acf_changed":false,"footnotes":""},"categories":[68],"tags":[1422,1423],"class_list":{"0":"post-10908","1":"post","2":"type-post","3":"status-publish","4":"format-standard","5":"has-post-thumbnail","7":"category-nachrichten","8":"tag-development-de","9":"tag-human-development-de"},"acf":[],"yoast_head":"<!-- This site is optimized with the Yoast SEO plugin v27.3 - https:\/\/yoast.com\/product\/yoast-seo-wordpress\/ -->\n<title>Schon vorbereitet auf die Zeit nach Corona? - Perfact Group<\/title>\n<meta name=\"robots\" content=\"index, follow, max-snippet:-1, max-image-preview:large, max-video-preview:-1\" \/>\n<link rel=\"canonical\" href=\"https:\/\/perfact-group.com\/de\/al-voorbereid-op-de-tijd-na-corona\/\" \/>\n<meta property=\"og:locale\" content=\"de_DE\" \/>\n<meta property=\"og:type\" content=\"article\" \/>\n<meta property=\"og:title\" content=\"Schon vorbereitet auf die Zeit nach Corona? - Perfact Group\" \/>\n<meta property=\"og:description\" content=\"Wir sind noch mittendrin, aber irgendwo sp\u00fcren wir es alle: Es ist Licht am Ende des Tunnels. Impfungen wurden eingef\u00fchrt, strengere Ma\u00dfnahmen tragen Fr\u00fcchte und dies wird hoffentlich zu mehr...\" \/>\n<meta property=\"og:url\" content=\"https:\/\/perfact-group.com\/de\/al-voorbereid-op-de-tijd-na-corona\/\" \/>\n<meta property=\"og:site_name\" content=\"Perfact Group\" \/>\n<meta property=\"article:published_time\" content=\"2021-02-04T13:20:48+00:00\" \/>\n<meta property=\"article:modified_time\" content=\"2023-09-15T12:11:40+00:00\" \/>\n<meta property=\"og:image\" content=\"https:\/\/perfact-group.com\/wp-content\/uploads\/2023\/09\/corona-team-1500px-1.jpg\" \/>\n\t<meta property=\"og:image:width\" content=\"1500\" \/>\n\t<meta property=\"og:image:height\" content=\"1000\" \/>\n\t<meta property=\"og:image:type\" content=\"image\/jpeg\" \/>\n<meta name=\"author\" content=\"Sharon C\u00f6rvers\" \/>\n<meta name=\"twitter:card\" content=\"summary_large_image\" \/>\n<meta name=\"twitter:label1\" content=\"Verfasst von\" \/>\n\t<meta name=\"twitter:data1\" content=\"Sharon C\u00f6rvers\" \/>\n\t<meta name=\"twitter:label2\" content=\"Gesch\u00e4tzte Lesezeit\" \/>\n\t<meta name=\"twitter:data2\" content=\"2\u00a0Minuten\" \/>\n<script type=\"application\/ld+json\" class=\"yoast-schema-graph\">{\"@context\":\"https:\\\/\\\/schema.org\",\"@graph\":[{\"@type\":\"Article\",\"@id\":\"https:\\\/\\\/perfact-group.com\\\/de\\\/al-voorbereid-op-de-tijd-na-corona\\\/#article\",\"isPartOf\":{\"@id\":\"https:\\\/\\\/perfact-group.com\\\/de\\\/al-voorbereid-op-de-tijd-na-corona\\\/\"},\"author\":{\"name\":\"Sharon C\u00f6rvers\",\"@id\":\"https:\\\/\\\/perfact-group.com\\\/de\\\/#\\\/schema\\\/person\\\/87bb7c9575a9e1aa5674dd106ba47eaf\"},\"headline\":\"Schon vorbereitet auf die Zeit nach Corona?\",\"datePublished\":\"2021-02-04T13:20:48+00:00\",\"dateModified\":\"2023-09-15T12:11:40+00:00\",\"mainEntityOfPage\":{\"@id\":\"https:\\\/\\\/perfact-group.com\\\/de\\\/al-voorbereid-op-de-tijd-na-corona\\\/\"},\"wordCount\":375,\"image\":{\"@id\":\"https:\\\/\\\/perfact-group.com\\\/de\\\/al-voorbereid-op-de-tijd-na-corona\\\/#primaryimage\"},\"thumbnailUrl\":\"https:\\\/\\\/perfact-group.com\\\/wp-content\\\/uploads\\\/2023\\\/09\\\/corona-team-1500px-1.jpg\",\"keywords\":[\"Development\",\"Human Development\"],\"articleSection\":[\"Nachrichten\"],\"inLanguage\":\"de\"},{\"@type\":\"WebPage\",\"@id\":\"https:\\\/\\\/perfact-group.com\\\/de\\\/al-voorbereid-op-de-tijd-na-corona\\\/\",\"url\":\"https:\\\/\\\/perfact-group.com\\\/de\\\/al-voorbereid-op-de-tijd-na-corona\\\/\",\"name\":\"Schon vorbereitet auf die Zeit nach Corona? - Perfact Group\",\"isPartOf\":{\"@id\":\"https:\\\/\\\/perfact-group.com\\\/de\\\/#website\"},\"primaryImageOfPage\":{\"@id\":\"https:\\\/\\\/perfact-group.com\\\/de\\\/al-voorbereid-op-de-tijd-na-corona\\\/#primaryimage\"},\"image\":{\"@id\":\"https:\\\/\\\/perfact-group.com\\\/de\\\/al-voorbereid-op-de-tijd-na-corona\\\/#primaryimage\"},\"thumbnailUrl\":\"https:\\\/\\\/perfact-group.com\\\/wp-content\\\/uploads\\\/2023\\\/09\\\/corona-team-1500px-1.jpg\",\"datePublished\":\"2021-02-04T13:20:48+00:00\",\"dateModified\":\"2023-09-15T12:11:40+00:00\",\"author\":{\"@id\":\"https:\\\/\\\/perfact-group.com\\\/de\\\/#\\\/schema\\\/person\\\/87bb7c9575a9e1aa5674dd106ba47eaf\"},\"breadcrumb\":{\"@id\":\"https:\\\/\\\/perfact-group.com\\\/de\\\/al-voorbereid-op-de-tijd-na-corona\\\/#breadcrumb\"},\"inLanguage\":\"de\",\"potentialAction\":[{\"@type\":\"ReadAction\",\"target\":[\"https:\\\/\\\/perfact-group.com\\\/de\\\/al-voorbereid-op-de-tijd-na-corona\\\/\"]}]},{\"@type\":\"ImageObject\",\"inLanguage\":\"de\",\"@id\":\"https:\\\/\\\/perfact-group.com\\\/de\\\/al-voorbereid-op-de-tijd-na-corona\\\/#primaryimage\",\"url\":\"https:\\\/\\\/perfact-group.com\\\/wp-content\\\/uploads\\\/2023\\\/09\\\/corona-team-1500px-1.jpg\",\"contentUrl\":\"https:\\\/\\\/perfact-group.com\\\/wp-content\\\/uploads\\\/2023\\\/09\\\/corona-team-1500px-1.jpg\",\"width\":1500,\"height\":1000},{\"@type\":\"BreadcrumbList\",\"@id\":\"https:\\\/\\\/perfact-group.com\\\/de\\\/al-voorbereid-op-de-tijd-na-corona\\\/#breadcrumb\",\"itemListElement\":[{\"@type\":\"ListItem\",\"position\":1,\"name\":\"Home\",\"item\":\"https:\\\/\\\/perfact-group.com\\\/de\\\/\"},{\"@type\":\"ListItem\",\"position\":2,\"name\":\"Schon vorbereitet auf die Zeit nach Corona?\"}]},{\"@type\":\"WebSite\",\"@id\":\"https:\\\/\\\/perfact-group.com\\\/de\\\/#website\",\"url\":\"https:\\\/\\\/perfact-group.com\\\/de\\\/\",\"name\":\"Perfact Group\",\"description\":\"Make the difference\",\"potentialAction\":[{\"@type\":\"SearchAction\",\"target\":{\"@type\":\"EntryPoint\",\"urlTemplate\":\"https:\\\/\\\/perfact-group.com\\\/de\\\/?s={search_term_string}\"},\"query-input\":{\"@type\":\"PropertyValueSpecification\",\"valueRequired\":true,\"valueName\":\"search_term_string\"}}],\"inLanguage\":\"de\"},{\"@type\":\"Person\",\"@id\":\"https:\\\/\\\/perfact-group.com\\\/de\\\/#\\\/schema\\\/person\\\/87bb7c9575a9e1aa5674dd106ba47eaf\",\"name\":\"Sharon C\u00f6rvers\",\"url\":\"https:\\\/\\\/perfact-group.com\\\/de\\\/author\\\/sharonkonickx\\\/\"}]}<\/script>\n<!-- \/ Yoast SEO plugin. -->","yoast_head_json":{"title":"Schon vorbereitet auf die Zeit nach Corona? - Perfact Group","robots":{"index":"index","follow":"follow","max-snippet":"max-snippet:-1","max-image-preview":"max-image-preview:large","max-video-preview":"max-video-preview:-1"},"canonical":"https:\/\/perfact-group.com\/de\/al-voorbereid-op-de-tijd-na-corona\/","og_locale":"de_DE","og_type":"article","og_title":"Schon vorbereitet auf die Zeit nach Corona? - Perfact Group","og_description":"Wir sind noch mittendrin, aber irgendwo sp\u00fcren wir es alle: Es ist Licht am Ende des Tunnels. Impfungen wurden eingef\u00fchrt, strengere Ma\u00dfnahmen tragen Fr\u00fcchte und dies wird hoffentlich zu mehr...","og_url":"https:\/\/perfact-group.com\/de\/al-voorbereid-op-de-tijd-na-corona\/","og_site_name":"Perfact Group","article_published_time":"2021-02-04T13:20:48+00:00","article_modified_time":"2023-09-15T12:11:40+00:00","og_image":[{"width":1500,"height":1000,"url":"https:\/\/perfact-group.com\/wp-content\/uploads\/2023\/09\/corona-team-1500px-1.jpg","type":"image\/jpeg"}],"author":"Sharon C\u00f6rvers","twitter_card":"summary_large_image","twitter_misc":{"Verfasst von":"Sharon C\u00f6rvers","Gesch\u00e4tzte Lesezeit":"2\u00a0Minuten"},"schema":{"@context":"https:\/\/schema.org","@graph":[{"@type":"Article","@id":"https:\/\/perfact-group.com\/de\/al-voorbereid-op-de-tijd-na-corona\/#article","isPartOf":{"@id":"https:\/\/perfact-group.com\/de\/al-voorbereid-op-de-tijd-na-corona\/"},"author":{"name":"Sharon C\u00f6rvers","@id":"https:\/\/perfact-group.com\/de\/#\/schema\/person\/87bb7c9575a9e1aa5674dd106ba47eaf"},"headline":"Schon vorbereitet auf die Zeit nach Corona?","datePublished":"2021-02-04T13:20:48+00:00","dateModified":"2023-09-15T12:11:40+00:00","mainEntityOfPage":{"@id":"https:\/\/perfact-group.com\/de\/al-voorbereid-op-de-tijd-na-corona\/"},"wordCount":375,"image":{"@id":"https:\/\/perfact-group.com\/de\/al-voorbereid-op-de-tijd-na-corona\/#primaryimage"},"thumbnailUrl":"https:\/\/perfact-group.com\/wp-content\/uploads\/2023\/09\/corona-team-1500px-1.jpg","keywords":["Development","Human Development"],"articleSection":["Nachrichten"],"inLanguage":"de"},{"@type":"WebPage","@id":"https:\/\/perfact-group.com\/de\/al-voorbereid-op-de-tijd-na-corona\/","url":"https:\/\/perfact-group.com\/de\/al-voorbereid-op-de-tijd-na-corona\/","name":"Schon vorbereitet auf die Zeit nach Corona? - Perfact Group","isPartOf":{"@id":"https:\/\/perfact-group.com\/de\/#website"},"primaryImageOfPage":{"@id":"https:\/\/perfact-group.com\/de\/al-voorbereid-op-de-tijd-na-corona\/#primaryimage"},"image":{"@id":"https:\/\/perfact-group.com\/de\/al-voorbereid-op-de-tijd-na-corona\/#primaryimage"},"thumbnailUrl":"https:\/\/perfact-group.com\/wp-content\/uploads\/2023\/09\/corona-team-1500px-1.jpg","datePublished":"2021-02-04T13:20:48+00:00","dateModified":"2023-09-15T12:11:40+00:00","author":{"@id":"https:\/\/perfact-group.com\/de\/#\/schema\/person\/87bb7c9575a9e1aa5674dd106ba47eaf"},"breadcrumb":{"@id":"https:\/\/perfact-group.com\/de\/al-voorbereid-op-de-tijd-na-corona\/#breadcrumb"},"inLanguage":"de","potentialAction":[{"@type":"ReadAction","target":["https:\/\/perfact-group.com\/de\/al-voorbereid-op-de-tijd-na-corona\/"]}]},{"@type":"ImageObject","inLanguage":"de","@id":"https:\/\/perfact-group.com\/de\/al-voorbereid-op-de-tijd-na-corona\/#primaryimage","url":"https:\/\/perfact-group.com\/wp-content\/uploads\/2023\/09\/corona-team-1500px-1.jpg","contentUrl":"https:\/\/perfact-group.com\/wp-content\/uploads\/2023\/09\/corona-team-1500px-1.jpg","width":1500,"height":1000},{"@type":"BreadcrumbList","@id":"https:\/\/perfact-group.com\/de\/al-voorbereid-op-de-tijd-na-corona\/#breadcrumb","itemListElement":[{"@type":"ListItem","position":1,"name":"Home","item":"https:\/\/perfact-group.com\/de\/"},{"@type":"ListItem","position":2,"name":"Schon vorbereitet auf die Zeit nach Corona?"}]},{"@type":"WebSite","@id":"https:\/\/perfact-group.com\/de\/#website","url":"https:\/\/perfact-group.com\/de\/","name":"Perfact Group","description":"Make the difference","potentialAction":[{"@type":"SearchAction","target":{"@type":"EntryPoint","urlTemplate":"https:\/\/perfact-group.com\/de\/?s={search_term_string}"},"query-input":{"@type":"PropertyValueSpecification","valueRequired":true,"valueName":"search_term_string"}}],"inLanguage":"de"},{"@type":"Person","@id":"https:\/\/perfact-group.com\/de\/#\/schema\/person\/87bb7c9575a9e1aa5674dd106ba47eaf","name":"Sharon C\u00f6rvers","url":"https:\/\/perfact-group.com\/de\/author\/sharonkonickx\/"}]}},"_links":{"self":[{"href":"https:\/\/perfact-group.com\/de\/wp-json\/wp\/v2\/posts\/10908","targetHints":{"allow":["GET"]}}],"collection":[{"href":"https:\/\/perfact-group.com\/de\/wp-json\/wp\/v2\/posts"}],"about":[{"href":"https:\/\/perfact-group.com\/de\/wp-json\/wp\/v2\/types\/post"}],"author":[{"embeddable":true,"href":"https:\/\/perfact-group.com\/de\/wp-json\/wp\/v2\/users\/31"}],"replies":[{"embeddable":true,"href":"https:\/\/perfact-group.com\/de\/wp-json\/wp\/v2\/comments?post=10908"}],"version-history":[{"count":1,"href":"https:\/\/perfact-group.com\/de\/wp-json\/wp\/v2\/posts\/10908\/revisions"}],"predecessor-version":[{"id":13026,"href":"https:\/\/perfact-group.com\/de\/wp-json\/wp\/v2\/posts\/10908\/revisions\/13026"}],"wp:featuredmedia":[{"embeddable":true,"href":"https:\/\/perfact-group.com\/de\/wp-json\/wp\/v2\/media\/9733"}],"wp:attachment":[{"href":"https:\/\/perfact-group.com\/de\/wp-json\/wp\/v2\/media?parent=10908"}],"wp:term":[{"taxonomy":"category","embeddable":true,"href":"https:\/\/perfact-group.com\/de\/wp-json\/wp\/v2\/categories?post=10908"},{"taxonomy":"post_tag","embeddable":true,"href":"https:\/\/perfact-group.com\/de\/wp-json\/wp\/v2\/tags?post=10908"}],"curies":[{"name":"wp","href":"https:\/\/api.w.org\/{rel}","templated":true}]}}