{"id":11109,"date":"2023-02-07T11:49:40","date_gmt":"2023-02-07T10:49:40","guid":{"rendered":"https:\/\/perfact-group.com\/meet-the-team-antwerpen\/"},"modified":"2023-02-07T11:49:40","modified_gmt":"2023-02-07T10:49:40","slug":"meet-the-team-antwerpen","status":"publish","type":"post","link":"https:\/\/perfact-group.com\/de\/meet-the-team-antwerpen\/","title":{"rendered":"Meet the team&#8230;"},"content":{"rendered":"<p><strong>Perfact besch\u00e4ftigt mehr als 180 Mitarbeiter, die sich auf die Regionen (S\u00fcd-)Limburg, Nordwest-Niederlande, Belgien und Deutschland verteilen. Die meisten Kollegen arbeiten f\u00fcr einen Kunden an einem Projekt oder sind abgeordnet; unsere Account-Teams hingegen halten den Kontakt zu den aktuellen Kunden aufrecht, sind aber auch bereit, neue Kollegen oder Kunden kennenzulernen.<\/strong><\/p>\n<p>Das gilt auch f\u00fcr Antwerpen, wo <a href=\"https:\/\/www.perfact-group.com\/insight\/meet-the-team-kirsten\/?lang=de\" target=\"_blank\" rel=\"noopener\">Kirsten<\/a>, <a href=\"https:\/\/www.perfact-group.com\/insight\/meet-the-team-mattias\/?lang=de\" target=\"_blank\" rel=\"noopener\">Mattias<\/a> und <a href=\"https:\/\/www.perfact-group.com\/insight\/meet-the-team-ive\/?lang=de\" target=\"_blank\" rel=\"noopener\">Ive<\/a> unter der Leitung von Maarten ein gut eingespieltes Team f\u00fcr die Region Belgien bilden. Maarten ist der erste in dieser Serie und erz\u00e4hlt ein bisschen mehr \u00fcber sich selbst.<\/p>\n<h3>Erz\u00e4hlen Sie uns kurz von Ihrem Hintergrund, was haben Sie gemacht, bevor Sie zu Perfact kamen?<\/h3>\n<p>Urspr\u00fcnglich habe ich eine IT-Ausbildung absolviert und bin nach und nach in diese Position gewechselt.<br \/>\nIm Jahr 2007 kam ich als Recruiter zu einer \u00e4hnlichen Agentur wie Perfact, wo ich nach einigen Jahren zum Recruiting-Koordinator f\u00fcr Belgien und die Niederlande aufstieg, kombiniert mit einer kaufm\u00e4nnischen Funktion.<\/p>\n<h3>Erz\u00e4hlen Sie uns etwas \u00fcber Ihre derzeitige T\u00e4tigkeit und was beinhaltet sie?<\/h3>\n<p>Als Regionalleiter bin ich f\u00fcr die Region Belgien zust\u00e4ndig, die in Flandern von Gent bis in die Region Limburg Kempen reicht. Ich tue dies zusammen mit einem Team von Personalvermittlern und einem Account Manager aus unserem B\u00fcro in Antwerpen.<\/p>\n<p>Neben der Pflege der Gesch\u00e4ftsbeziehungen zu den bestehenden Kunden k\u00fcmmere ich mich auch um die Gesch\u00e4ftserweiterung, damit wir Perfact noch breiter bekannt machen k\u00f6nnen.<br \/>\nIch beobachte auch unsere Projektmitarbeiter und f\u00fchre Gespr\u00e4che mit potenziellen Kollegen.<\/p>\n<h3>Wann hatten Sie einen guten Arbeitstag?<\/h3>\n<p>Ich sch\u00f6pfe enorme Energie aus neuen Auftr\u00e4gen, einer guten B\u00fcroatmosph\u00e4re und dem Kontakt mit Menschen im Allgemeinen. F\u00fcr mich ist ein guter Arbeitstag ein Tag, an dem man viel lachen kann. Es gibt Phasen harter Arbeit, aber der Bogen sollte nicht immer gespannt sein.<\/p>\n<h3>Was macht Ihre Region einzigartig?<\/h3>\n<p>Ich wei\u00df nicht, ob das unsere Region wirklich einzigartig macht, aber wir versuchen, jedem die richtige Aufmerksamkeit zu schenken und f\u00fcr ein gutes Engagement zu sorgen.<\/p>\n<h3>Was macht Sie au\u00dferhalb Ihrer Arbeit wirklich gl\u00fccklich?<\/h3>\n<p>Neben der Arbeit besch\u00e4ftige ich mich am meisten mit meiner Frau und meinem 10-j\u00e4hrigen Sohn.<br \/>\nAu\u00dferdem bin ich ein Amateurinvestor und h\u00f6re jede Woche verschiedene Podcasts zu diesem Thema.<br \/>\nIch gehe auch gerne essen, aber ich koche auch sehr gerne selbst und liebe ein gutes Glas Wein. Ich bin also ein echter Bonvivant und Genie\u00dfer!<\/p>\n<h3>Wenn Sie nur einen Tag zu leben h\u00e4tten, was w\u00fcrden Sie tun und was w\u00fcrden Sie auf jeden Fall essen? Und warum?<\/h3>\n<p>Ich w\u00fcrde diese Zeit trotzdem mit Familie und Freunden verbringen und eine gro\u00dfe, fette Party mit allem Drum und Dran veranstalten. Und dann den Tag mit dem besten Whisky und einer Zigarre ausklingen lassen.<\/p>\n<h3>Warum arbeiten Sie gerne f\u00fcr Perfact?<\/h3>\n<p>Bei Perfact herrscht eine nette, famili\u00e4re Atmosph\u00e4re ohne zu viel Hierarchie, und es finden regelm\u00e4\u00dfig lustige Treffen statt. Au\u00dferdem haben Sie viel Freiheit bei der Aus\u00fcbung Ihrer T\u00e4tigkeit und erhalten bei Bedarf die notwendige Unterst\u00fctzung.<\/p>\n<p>Bei Perfact haben wir viele verschiedene Arten von Stellenangeboten, auch in Belgien. Werfen Sie einen Blick auf unsere <a href=\"https:\/\/perfact-career.com\/de\/\" target=\"_blank\" rel=\"noopener\">Website<\/a>. Sie k\u00f6nnen sich auch gerne mit <a href=\"mailto:maartendeproost@perfact-group.com\" target=\"_blank\" rel=\"noopener\">Maarten<\/a> in Verbindung setzen und ein Gespr\u00e4ch mit ihm f\u00fchren.<\/p>\n<p>&nbsp;<\/p>\n","protected":false},"excerpt":{"rendered":"<p>Perfact besch\u00e4ftigt mehr als 180 Mitarbeiter, die sich auf die Regionen (S\u00fcd-)Limburg, Nordwest-Niederlande, Belgien und Deutschland verteilen. Die meisten Kollegen arbeiten f\u00fcr einen Kunden an einem Projekt oder sind abgeordnet;&#8230;<\/p>\n","protected":false},"author":31,"featured_media":9896,"comment_status":"open","ping_status":"open","sticky":false,"template":"","format":"standard","meta":{"_acf_changed":false,"footnotes":""},"categories":[1318],"tags":[1322],"class_list":{"0":"post-11109","1":"post","2":"type-post","3":"status-publish","4":"format-standard","5":"has-post-thumbnail","7":"category-blog","8":"tag-team"},"acf":[],"yoast_head":"<!-- This site is optimized with the Yoast SEO plugin v27.3 - https:\/\/yoast.com\/product\/yoast-seo-wordpress\/ -->\n<title>Meet the team... - Perfact Group<\/title>\n<meta name=\"robots\" content=\"index, follow, max-snippet:-1, max-image-preview:large, max-video-preview:-1\" \/>\n<link rel=\"canonical\" href=\"https:\/\/perfact-group.com\/de\/meet-the-team-antwerpen\/\" \/>\n<meta property=\"og:locale\" content=\"de_DE\" \/>\n<meta property=\"og:type\" content=\"article\" \/>\n<meta property=\"og:title\" content=\"Meet the team... - Perfact Group\" \/>\n<meta property=\"og:description\" content=\"Perfact besch\u00e4ftigt mehr als 180 Mitarbeiter, die sich auf die Regionen (S\u00fcd-)Limburg, Nordwest-Niederlande, Belgien und Deutschland verteilen. Die meisten Kollegen arbeiten f\u00fcr einen Kunden an einem Projekt oder sind abgeordnet;...\" \/>\n<meta property=\"og:url\" content=\"https:\/\/perfact-group.com\/de\/meet-the-team-antwerpen\/\" \/>\n<meta property=\"og:site_name\" content=\"Perfact Group\" \/>\n<meta property=\"article:published_time\" content=\"2023-02-07T10:49:40+00:00\" \/>\n<meta property=\"og:image\" content=\"https:\/\/perfact-group.com\/wp-content\/uploads\/2023\/09\/Maarten-Geel-Klein-1.jpg\" \/>\n\t<meta property=\"og:image:width\" content=\"1200\" \/>\n\t<meta property=\"og:image:height\" content=\"900\" \/>\n\t<meta property=\"og:image:type\" content=\"image\/jpeg\" \/>\n<meta name=\"author\" content=\"Sharon C\u00f6rvers\" \/>\n<meta name=\"twitter:card\" content=\"summary_large_image\" \/>\n<meta name=\"twitter:label1\" content=\"Verfasst von\" \/>\n\t<meta name=\"twitter:data1\" content=\"Sharon C\u00f6rvers\" \/>\n\t<meta name=\"twitter:label2\" content=\"Gesch\u00e4tzte Lesezeit\" \/>\n\t<meta name=\"twitter:data2\" content=\"3\u00a0Minuten\" \/>\n<script type=\"application\/ld+json\" class=\"yoast-schema-graph\">{\"@context\":\"https:\\\/\\\/schema.org\",\"@graph\":[{\"@type\":\"Article\",\"@id\":\"https:\\\/\\\/perfact-group.com\\\/de\\\/meet-the-team-antwerpen\\\/#article\",\"isPartOf\":{\"@id\":\"https:\\\/\\\/perfact-group.com\\\/de\\\/meet-the-team-antwerpen\\\/\"},\"author\":{\"name\":\"Sharon C\u00f6rvers\",\"@id\":\"https:\\\/\\\/perfact-group.com\\\/de\\\/#\\\/schema\\\/person\\\/87bb7c9575a9e1aa5674dd106ba47eaf\"},\"headline\":\"Meet the team&#8230;\",\"datePublished\":\"2023-02-07T10:49:40+00:00\",\"mainEntityOfPage\":{\"@id\":\"https:\\\/\\\/perfact-group.com\\\/de\\\/meet-the-team-antwerpen\\\/\"},\"wordCount\":566,\"commentCount\":0,\"image\":{\"@id\":\"https:\\\/\\\/perfact-group.com\\\/de\\\/meet-the-team-antwerpen\\\/#primaryimage\"},\"thumbnailUrl\":\"https:\\\/\\\/perfact-group.com\\\/wp-content\\\/uploads\\\/2023\\\/09\\\/Maarten-Geel-Klein-1.jpg\",\"keywords\":[\"Team\"],\"articleSection\":[\"Blog\"],\"inLanguage\":\"de\"},{\"@type\":\"WebPage\",\"@id\":\"https:\\\/\\\/perfact-group.com\\\/de\\\/meet-the-team-antwerpen\\\/\",\"url\":\"https:\\\/\\\/perfact-group.com\\\/de\\\/meet-the-team-antwerpen\\\/\",\"name\":\"Meet the team... - Perfact Group\",\"isPartOf\":{\"@id\":\"https:\\\/\\\/perfact-group.com\\\/de\\\/#website\"},\"primaryImageOfPage\":{\"@id\":\"https:\\\/\\\/perfact-group.com\\\/de\\\/meet-the-team-antwerpen\\\/#primaryimage\"},\"image\":{\"@id\":\"https:\\\/\\\/perfact-group.com\\\/de\\\/meet-the-team-antwerpen\\\/#primaryimage\"},\"thumbnailUrl\":\"https:\\\/\\\/perfact-group.com\\\/wp-content\\\/uploads\\\/2023\\\/09\\\/Maarten-Geel-Klein-1.jpg\",\"datePublished\":\"2023-02-07T10:49:40+00:00\",\"author\":{\"@id\":\"https:\\\/\\\/perfact-group.com\\\/de\\\/#\\\/schema\\\/person\\\/87bb7c9575a9e1aa5674dd106ba47eaf\"},\"breadcrumb\":{\"@id\":\"https:\\\/\\\/perfact-group.com\\\/de\\\/meet-the-team-antwerpen\\\/#breadcrumb\"},\"inLanguage\":\"de\",\"potentialAction\":[{\"@type\":\"ReadAction\",\"target\":[\"https:\\\/\\\/perfact-group.com\\\/de\\\/meet-the-team-antwerpen\\\/\"]}]},{\"@type\":\"ImageObject\",\"inLanguage\":\"de\",\"@id\":\"https:\\\/\\\/perfact-group.com\\\/de\\\/meet-the-team-antwerpen\\\/#primaryimage\",\"url\":\"https:\\\/\\\/perfact-group.com\\\/wp-content\\\/uploads\\\/2023\\\/09\\\/Maarten-Geel-Klein-1.jpg\",\"contentUrl\":\"https:\\\/\\\/perfact-group.com\\\/wp-content\\\/uploads\\\/2023\\\/09\\\/Maarten-Geel-Klein-1.jpg\",\"width\":1200,\"height\":900},{\"@type\":\"BreadcrumbList\",\"@id\":\"https:\\\/\\\/perfact-group.com\\\/de\\\/meet-the-team-antwerpen\\\/#breadcrumb\",\"itemListElement\":[{\"@type\":\"ListItem\",\"position\":1,\"name\":\"Home\",\"item\":\"https:\\\/\\\/perfact-group.com\\\/de\\\/\"},{\"@type\":\"ListItem\",\"position\":2,\"name\":\"Meet the team&#8230;\"}]},{\"@type\":\"WebSite\",\"@id\":\"https:\\\/\\\/perfact-group.com\\\/de\\\/#website\",\"url\":\"https:\\\/\\\/perfact-group.com\\\/de\\\/\",\"name\":\"Perfact Group\",\"description\":\"Make the difference\",\"potentialAction\":[{\"@type\":\"SearchAction\",\"target\":{\"@type\":\"EntryPoint\",\"urlTemplate\":\"https:\\\/\\\/perfact-group.com\\\/de\\\/?s={search_term_string}\"},\"query-input\":{\"@type\":\"PropertyValueSpecification\",\"valueRequired\":true,\"valueName\":\"search_term_string\"}}],\"inLanguage\":\"de\"},{\"@type\":\"Person\",\"@id\":\"https:\\\/\\\/perfact-group.com\\\/de\\\/#\\\/schema\\\/person\\\/87bb7c9575a9e1aa5674dd106ba47eaf\",\"name\":\"Sharon C\u00f6rvers\",\"url\":\"https:\\\/\\\/perfact-group.com\\\/de\\\/author\\\/sharonkonickx\\\/\"}]}<\/script>\n<!-- \/ Yoast SEO plugin. -->","yoast_head_json":{"title":"Meet the team... - Perfact Group","robots":{"index":"index","follow":"follow","max-snippet":"max-snippet:-1","max-image-preview":"max-image-preview:large","max-video-preview":"max-video-preview:-1"},"canonical":"https:\/\/perfact-group.com\/de\/meet-the-team-antwerpen\/","og_locale":"de_DE","og_type":"article","og_title":"Meet the team... - Perfact Group","og_description":"Perfact besch\u00e4ftigt mehr als 180 Mitarbeiter, die sich auf die Regionen (S\u00fcd-)Limburg, Nordwest-Niederlande, Belgien und Deutschland verteilen. Die meisten Kollegen arbeiten f\u00fcr einen Kunden an einem Projekt oder sind abgeordnet;...","og_url":"https:\/\/perfact-group.com\/de\/meet-the-team-antwerpen\/","og_site_name":"Perfact Group","article_published_time":"2023-02-07T10:49:40+00:00","og_image":[{"width":1200,"height":900,"url":"https:\/\/perfact-group.com\/wp-content\/uploads\/2023\/09\/Maarten-Geel-Klein-1.jpg","type":"image\/jpeg"}],"author":"Sharon C\u00f6rvers","twitter_card":"summary_large_image","twitter_misc":{"Verfasst von":"Sharon C\u00f6rvers","Gesch\u00e4tzte Lesezeit":"3\u00a0Minuten"},"schema":{"@context":"https:\/\/schema.org","@graph":[{"@type":"Article","@id":"https:\/\/perfact-group.com\/de\/meet-the-team-antwerpen\/#article","isPartOf":{"@id":"https:\/\/perfact-group.com\/de\/meet-the-team-antwerpen\/"},"author":{"name":"Sharon C\u00f6rvers","@id":"https:\/\/perfact-group.com\/de\/#\/schema\/person\/87bb7c9575a9e1aa5674dd106ba47eaf"},"headline":"Meet the team&#8230;","datePublished":"2023-02-07T10:49:40+00:00","mainEntityOfPage":{"@id":"https:\/\/perfact-group.com\/de\/meet-the-team-antwerpen\/"},"wordCount":566,"commentCount":0,"image":{"@id":"https:\/\/perfact-group.com\/de\/meet-the-team-antwerpen\/#primaryimage"},"thumbnailUrl":"https:\/\/perfact-group.com\/wp-content\/uploads\/2023\/09\/Maarten-Geel-Klein-1.jpg","keywords":["Team"],"articleSection":["Blog"],"inLanguage":"de"},{"@type":"WebPage","@id":"https:\/\/perfact-group.com\/de\/meet-the-team-antwerpen\/","url":"https:\/\/perfact-group.com\/de\/meet-the-team-antwerpen\/","name":"Meet the team... - Perfact Group","isPartOf":{"@id":"https:\/\/perfact-group.com\/de\/#website"},"primaryImageOfPage":{"@id":"https:\/\/perfact-group.com\/de\/meet-the-team-antwerpen\/#primaryimage"},"image":{"@id":"https:\/\/perfact-group.com\/de\/meet-the-team-antwerpen\/#primaryimage"},"thumbnailUrl":"https:\/\/perfact-group.com\/wp-content\/uploads\/2023\/09\/Maarten-Geel-Klein-1.jpg","datePublished":"2023-02-07T10:49:40+00:00","author":{"@id":"https:\/\/perfact-group.com\/de\/#\/schema\/person\/87bb7c9575a9e1aa5674dd106ba47eaf"},"breadcrumb":{"@id":"https:\/\/perfact-group.com\/de\/meet-the-team-antwerpen\/#breadcrumb"},"inLanguage":"de","potentialAction":[{"@type":"ReadAction","target":["https:\/\/perfact-group.com\/de\/meet-the-team-antwerpen\/"]}]},{"@type":"ImageObject","inLanguage":"de","@id":"https:\/\/perfact-group.com\/de\/meet-the-team-antwerpen\/#primaryimage","url":"https:\/\/perfact-group.com\/wp-content\/uploads\/2023\/09\/Maarten-Geel-Klein-1.jpg","contentUrl":"https:\/\/perfact-group.com\/wp-content\/uploads\/2023\/09\/Maarten-Geel-Klein-1.jpg","width":1200,"height":900},{"@type":"BreadcrumbList","@id":"https:\/\/perfact-group.com\/de\/meet-the-team-antwerpen\/#breadcrumb","itemListElement":[{"@type":"ListItem","position":1,"name":"Home","item":"https:\/\/perfact-group.com\/de\/"},{"@type":"ListItem","position":2,"name":"Meet the team&#8230;"}]},{"@type":"WebSite","@id":"https:\/\/perfact-group.com\/de\/#website","url":"https:\/\/perfact-group.com\/de\/","name":"Perfact Group","description":"Make the difference","potentialAction":[{"@type":"SearchAction","target":{"@type":"EntryPoint","urlTemplate":"https:\/\/perfact-group.com\/de\/?s={search_term_string}"},"query-input":{"@type":"PropertyValueSpecification","valueRequired":true,"valueName":"search_term_string"}}],"inLanguage":"de"},{"@type":"Person","@id":"https:\/\/perfact-group.com\/de\/#\/schema\/person\/87bb7c9575a9e1aa5674dd106ba47eaf","name":"Sharon C\u00f6rvers","url":"https:\/\/perfact-group.com\/de\/author\/sharonkonickx\/"}]}},"_links":{"self":[{"href":"https:\/\/perfact-group.com\/de\/wp-json\/wp\/v2\/posts\/11109","targetHints":{"allow":["GET"]}}],"collection":[{"href":"https:\/\/perfact-group.com\/de\/wp-json\/wp\/v2\/posts"}],"about":[{"href":"https:\/\/perfact-group.com\/de\/wp-json\/wp\/v2\/types\/post"}],"author":[{"embeddable":true,"href":"https:\/\/perfact-group.com\/de\/wp-json\/wp\/v2\/users\/31"}],"replies":[{"embeddable":true,"href":"https:\/\/perfact-group.com\/de\/wp-json\/wp\/v2\/comments?post=11109"}],"version-history":[{"count":0,"href":"https:\/\/perfact-group.com\/de\/wp-json\/wp\/v2\/posts\/11109\/revisions"}],"wp:featuredmedia":[{"embeddable":true,"href":"https:\/\/perfact-group.com\/de\/wp-json\/wp\/v2\/media\/9896"}],"wp:attachment":[{"href":"https:\/\/perfact-group.com\/de\/wp-json\/wp\/v2\/media?parent=11109"}],"wp:term":[{"taxonomy":"category","embeddable":true,"href":"https:\/\/perfact-group.com\/de\/wp-json\/wp\/v2\/categories?post=11109"},{"taxonomy":"post_tag","embeddable":true,"href":"https:\/\/perfact-group.com\/de\/wp-json\/wp\/v2\/tags?post=11109"}],"curies":[{"name":"wp","href":"https:\/\/api.w.org\/{rel}","templated":true}]}}