{"id":14037,"date":"2024-03-15T10:16:16","date_gmt":"2024-03-15T09:16:16","guid":{"rendered":"https:\/\/perfact-group.com\/?p=14037"},"modified":"2024-03-15T10:16:16","modified_gmt":"2024-03-15T09:16:16","slug":"mit-perfact-human-development-zum-top-1","status":"publish","type":"post","link":"https:\/\/perfact-group.com\/de\/mit-perfact-human-development-zum-top-1\/","title":{"rendered":"Mit Perfact Human Development zum &#8218;TOP&#8216;"},"content":{"rendered":"<p><span data-contrast=\"auto\">Die letzten Monate waren eine aufregende Zeit f\u00fcr unsere Trainer Karina und Jean. Sie waren n\u00e4mlich an einem Prozess f\u00fcr eine \u00f6ffentliche europ\u00e4ische Ausschreibung mit den Gemeinden Maastricht und Heerlen beteiligt. Karina und Jean, die in unserer Abteilung f\u00fcr <a href=\"https:\/\/perfact-group.com\/en\/businesses\/human-development\/\">Human Development<\/a>\u00a0t\u00e4tig sind, haben viel Zeit, Sorgfalt und Aufmerksamkeit in den Vorbereitungsprozess investiert.\u00a0\u00a0<\/span><span data-ccp-props=\"{&quot;201341983&quot;:0,&quot;335559739&quot;:0,&quot;335559740&quot;:240}\">\u00a0<\/span><\/p>\n<p><span data-ccp-props=\"{&quot;201341983&quot;:0,&quot;335559739&quot;:0,&quot;335559740&quot;:240}\">\u00a0<\/span><span data-contrast=\"auto\">Sie waren daher sehr stolz darauf, dass wir als Perfact die einzige verbliebene Organisation waren und daher Einzel- und Teamcoaching f\u00fcr diese beiden Gemeinden durchf\u00fchren durften. &#8222;Eine sch\u00f6ne Anerkennung, einerseits f\u00fcr uns als Organisation und andererseits f\u00fcr den Einsatz und das Engagement, das wir unseren Coachees entgegenbringen&#8220;, meint Karina.<\/span><span data-ccp-props=\"{&quot;201341983&quot;:0,&quot;335559739&quot;:0,&quot;335559740&quot;:240}\">\u00a0<\/span><\/p>\n<h2><strong>\u00a0Human Development Programme zur Entwicklung von Talenten \u00a0<\/strong><\/h2>\n<p><span data-contrast=\"auto\">Wir sind schon seit einiger Zeit bei der Stadtverwaltung von Maastricht und Sittard-Geleen t\u00e4tig. Hier haben wir unsere Talententwicklungsprogramme (auch TOP genannt) eingef\u00fchrt. Das Programm in der Gemeinde Sittard-Geleen wurde inzwischen erfolgreich abgeschlossen, in der Gemeinde Maastricht ist es noch im Gange. Ziel des Programms ist es, die Talente pers\u00f6nlich wachsen zu lassen und zur organisatorischen Entwicklung beizutragen. All dies geschieht unter der pers\u00f6nlichen Anleitung unserer Abteilung f\u00fcr menschliche Entwicklung in Form von Einzel- und Gruppencoaching.<\/span><span data-ccp-props=\"{&quot;201341983&quot;:0,&quot;335559739&quot;:0,&quot;335559740&quot;:240}\">\u00a0<\/span><\/p>\n<p><span data-contrast=\"auto\">Der Parcours l\u00e4uft bereits seit einiger Zeit und findet im Rahmen von &#8222;Gemeinsam Spa\u00df haben f\u00fcr Maastricht&#8220; statt. Die ersten Initiativen werden bereits sichtbar. So hat die Gruppe ein so genanntes Arbeitsrestaurant ins Leben gerufen, das sie &#8218;Work Tastery&#8216; nennt.\u00a0 Mit dem TOP-Team als effizient arbeitender K\u00fcchenbrigade entwickeln sie gemeinsam ein umfangreiches Men\u00fc, bei dem Engagement und Verbundenheit die wichtigsten Zutaten sind. Es gibt verschiedene Men\u00fcs zur Auswahl, zum Beispiel ein &#8222;Tagesmen\u00fc&#8220;, bei dem eine Gruppenaktivit\u00e4t mit mehreren Kollegen angeboten wird. Zum Beispiel eine gemeinsame Besichtigung eines AZC oder die Teilnahme an einem Workshop \u00fcber obdachlose junge Menschen.\u00a0\u00a0<\/span><span data-ccp-props=\"{&quot;201341983&quot;:0,&quot;335559739&quot;:0,&quot;335559740&quot;:240}\">\u00a0<\/span><\/p>\n<p><span data-contrast=\"auto\">Ein engagierter Beamter steht in Verbindung mit seinen B\u00fcrgern, aber nat\u00fcrlich auch mit seinen Kollegen. Durch die Auswahl von Aktivit\u00e4ten aus dem Men\u00fc k\u00f6nnen sich die Teammitglieder innerhalb der Gemeinde auf eine ansprechende Art und Weise kennen lernen. Auf diese Weise erfahren sie mehr \u00fcber die Arbeit und die Abteilungen des jeweils anderen. &#8222;Die Idee des &#8218;Work Tasting&#8216; entstand bei den verschiedenen Treffen. Es ist toll zu sehen, auf welche Ideen die Teilnehmer kommen, die an diesem Prozess teilnehmen, und wie sie dabei wachsen&#8220;, so Jean.<\/span><span data-ccp-props=\"{&quot;201341983&quot;:0,&quot;335559739&quot;:0,&quot;335559740&quot;:240}\">\u00a0<\/span><\/p>\n<h2><span data-ccp-props=\"{&quot;201341983&quot;:0,&quot;335559739&quot;:0,&quot;335559740&quot;:240}\">\u00a0<\/span><b><span data-contrast=\"auto\">Ma\u00dfgeschneidert<\/span><\/b><span data-ccp-props=\"{&quot;201341983&quot;:0,&quot;335559739&quot;:0,&quot;335559740&quot;:240}\">\u00a0<\/span><\/h2>\n<p><span data-contrast=\"auto\">Bei unseren TOP-Programmen handelt es sich immer um ma\u00dfgeschneiderte Programme, genau wie bei den Management Development\/Leadership-Programmen (MDL), die wir im privaten Sektor anbieten. &#8222;Der markanteste Unterschied liegt darin, dass ein TOP-Talentprogramm einen ROI (Return in Investment) im Blick hat, w\u00e4hrend ein MDL-Programm eher auf die Entwicklung von F\u00e4higkeiten ausgerichtet ist&#8220;, betont Jean. &#8222;Am Anfang achten wir immer sehr darauf, dass die Frage, der Bedarf und der Ergebnisbereich klar sind, und stellen dann einen Weg zusammen, der zu der jeweiligen Organisation passt&#8220;, f\u00fcgt Karina hinzu.<\/span><span data-ccp-props=\"{&quot;201341983&quot;:0,&quot;335559739&quot;:0,&quot;335559740&quot;:240}\">\u00a0<\/span><\/p>\n<p><span data-contrast=\"auto\">Wir arbeiten mit verschiedenen zertifizierten und validierten Analysetools und theoretischen Rahmenwerken. Auch unkonventionelle Techniken sind uns nicht fremd, wenn sie einen Mehrwert f\u00fcr Menschen oder Prozesse bringen. Die umfangreiche Managementerfahrung unserer Coaches wird dann als Werkzeug eingesetzt, um eine Gruppe und einzelne Teilnehmer in ihrer eigenen Entwicklung und bei der Ausf\u00fchrung von Organisationsaufgaben voranzubringen. Jean betont: &#8222;Wir nehmen das passende Werkzeug aus unserem breiten Rucksack, das ben\u00f6tigt wird, um der Gruppe und\/oder dem Einzelnen zu helfen, weiter zu wachsen. Denn das ist immer das eigentliche Ziel&#8220;.<\/span><span data-ccp-props=\"{&quot;201341983&quot;:0,&quot;335559739&quot;:0,&quot;335559740&quot;:240}\">\u00a0<\/span><\/p>\n","protected":false},"excerpt":{"rendered":"<p>Die letzten Monate waren eine aufregende Zeit f\u00fcr unsere Trainer Karina und Jean. Sie waren n\u00e4mlich an einem Prozess f\u00fcr eine \u00f6ffentliche europ\u00e4ische Ausschreibung mit den Gemeinden Maastricht und Heerlen&#8230;<\/p>\n","protected":false},"author":31,"featured_media":14033,"comment_status":"closed","ping_status":"closed","sticky":false,"template":"","format":"standard","meta":{"_acf_changed":false,"footnotes":""},"categories":[68],"tags":[1423],"class_list":{"0":"post-14037","1":"post","2":"type-post","3":"status-publish","4":"format-standard","5":"has-post-thumbnail","7":"category-nachrichten","8":"tag-human-development-de"},"acf":[],"yoast_head":"<!-- This site is optimized with the Yoast SEO plugin v27.3 - https:\/\/yoast.com\/product\/yoast-seo-wordpress\/ -->\n<title>Mit Perfact Human Development zum &#039;TOP&#039; - Perfact Group<\/title>\n<meta name=\"robots\" content=\"index, follow, max-snippet:-1, max-image-preview:large, max-video-preview:-1\" \/>\n<link rel=\"canonical\" href=\"https:\/\/perfact-group.com\/de\/mit-perfact-human-development-zum-top-1\/\" \/>\n<meta property=\"og:locale\" content=\"de_DE\" \/>\n<meta property=\"og:type\" content=\"article\" \/>\n<meta property=\"og:title\" content=\"Mit Perfact Human Development zum &#039;TOP&#039; - Perfact Group\" \/>\n<meta property=\"og:description\" content=\"Die letzten Monate waren eine aufregende Zeit f\u00fcr unsere Trainer Karina und Jean. Sie waren n\u00e4mlich an einem Prozess f\u00fcr eine \u00f6ffentliche europ\u00e4ische Ausschreibung mit den Gemeinden Maastricht und Heerlen...\" \/>\n<meta property=\"og:url\" content=\"https:\/\/perfact-group.com\/de\/mit-perfact-human-development-zum-top-1\/\" \/>\n<meta property=\"og:site_name\" content=\"Perfact Group\" \/>\n<meta property=\"article:published_time\" content=\"2024-03-15T09:16:16+00:00\" \/>\n<meta property=\"og:image\" content=\"https:\/\/perfact-group.com\/wp-content\/uploads\/2024\/03\/HD-Jean-en-Karina-TOP-artikel-1024x398.png\" \/>\n\t<meta property=\"og:image:width\" content=\"1024\" \/>\n\t<meta property=\"og:image:height\" content=\"398\" \/>\n\t<meta property=\"og:image:type\" content=\"image\/png\" \/>\n<meta name=\"author\" content=\"Sharon C\u00f6rvers\" \/>\n<meta name=\"twitter:card\" content=\"summary_large_image\" \/>\n<meta name=\"twitter:label1\" content=\"Verfasst von\" \/>\n\t<meta name=\"twitter:data1\" content=\"Sharon C\u00f6rvers\" \/>\n\t<meta name=\"twitter:label2\" content=\"Gesch\u00e4tzte Lesezeit\" \/>\n\t<meta name=\"twitter:data2\" content=\"3\u00a0Minuten\" \/>\n<script type=\"application\/ld+json\" class=\"yoast-schema-graph\">{\"@context\":\"https:\\\/\\\/schema.org\",\"@graph\":[{\"@type\":\"Article\",\"@id\":\"https:\\\/\\\/perfact-group.com\\\/de\\\/mit-perfact-human-development-zum-top-1\\\/#article\",\"isPartOf\":{\"@id\":\"https:\\\/\\\/perfact-group.com\\\/de\\\/mit-perfact-human-development-zum-top-1\\\/\"},\"author\":{\"name\":\"Sharon C\u00f6rvers\",\"@id\":\"https:\\\/\\\/perfact-group.com\\\/de\\\/#\\\/schema\\\/person\\\/87bb7c9575a9e1aa5674dd106ba47eaf\"},\"headline\":\"Mit Perfact Human Development zum &#8218;TOP&#8216;\",\"datePublished\":\"2024-03-15T09:16:16+00:00\",\"mainEntityOfPage\":{\"@id\":\"https:\\\/\\\/perfact-group.com\\\/de\\\/mit-perfact-human-development-zum-top-1\\\/\"},\"wordCount\":581,\"image\":{\"@id\":\"https:\\\/\\\/perfact-group.com\\\/de\\\/mit-perfact-human-development-zum-top-1\\\/#primaryimage\"},\"thumbnailUrl\":\"https:\\\/\\\/perfact-group.com\\\/wp-content\\\/uploads\\\/2024\\\/03\\\/HD-Jean-en-Karina-TOP-artikel.png\",\"keywords\":[\"Human Development\"],\"articleSection\":[\"Nachrichten\"],\"inLanguage\":\"de\"},{\"@type\":\"WebPage\",\"@id\":\"https:\\\/\\\/perfact-group.com\\\/de\\\/mit-perfact-human-development-zum-top-1\\\/\",\"url\":\"https:\\\/\\\/perfact-group.com\\\/de\\\/mit-perfact-human-development-zum-top-1\\\/\",\"name\":\"Mit Perfact Human Development zum 'TOP' - Perfact Group\",\"isPartOf\":{\"@id\":\"https:\\\/\\\/perfact-group.com\\\/de\\\/#website\"},\"primaryImageOfPage\":{\"@id\":\"https:\\\/\\\/perfact-group.com\\\/de\\\/mit-perfact-human-development-zum-top-1\\\/#primaryimage\"},\"image\":{\"@id\":\"https:\\\/\\\/perfact-group.com\\\/de\\\/mit-perfact-human-development-zum-top-1\\\/#primaryimage\"},\"thumbnailUrl\":\"https:\\\/\\\/perfact-group.com\\\/wp-content\\\/uploads\\\/2024\\\/03\\\/HD-Jean-en-Karina-TOP-artikel.png\",\"datePublished\":\"2024-03-15T09:16:16+00:00\",\"author\":{\"@id\":\"https:\\\/\\\/perfact-group.com\\\/de\\\/#\\\/schema\\\/person\\\/87bb7c9575a9e1aa5674dd106ba47eaf\"},\"breadcrumb\":{\"@id\":\"https:\\\/\\\/perfact-group.com\\\/de\\\/mit-perfact-human-development-zum-top-1\\\/#breadcrumb\"},\"inLanguage\":\"de\",\"potentialAction\":[{\"@type\":\"ReadAction\",\"target\":[\"https:\\\/\\\/perfact-group.com\\\/de\\\/mit-perfact-human-development-zum-top-1\\\/\"]}]},{\"@type\":\"ImageObject\",\"inLanguage\":\"de\",\"@id\":\"https:\\\/\\\/perfact-group.com\\\/de\\\/mit-perfact-human-development-zum-top-1\\\/#primaryimage\",\"url\":\"https:\\\/\\\/perfact-group.com\\\/wp-content\\\/uploads\\\/2024\\\/03\\\/HD-Jean-en-Karina-TOP-artikel.png\",\"contentUrl\":\"https:\\\/\\\/perfact-group.com\\\/wp-content\\\/uploads\\\/2024\\\/03\\\/HD-Jean-en-Karina-TOP-artikel.png\",\"width\":1800,\"height\":700},{\"@type\":\"BreadcrumbList\",\"@id\":\"https:\\\/\\\/perfact-group.com\\\/de\\\/mit-perfact-human-development-zum-top-1\\\/#breadcrumb\",\"itemListElement\":[{\"@type\":\"ListItem\",\"position\":1,\"name\":\"Home\",\"item\":\"https:\\\/\\\/perfact-group.com\\\/de\\\/\"},{\"@type\":\"ListItem\",\"position\":2,\"name\":\"Mit Perfact Human Development zum &#8216;TOP&#8217;\"}]},{\"@type\":\"WebSite\",\"@id\":\"https:\\\/\\\/perfact-group.com\\\/de\\\/#website\",\"url\":\"https:\\\/\\\/perfact-group.com\\\/de\\\/\",\"name\":\"Perfact Group\",\"description\":\"Make the difference\",\"potentialAction\":[{\"@type\":\"SearchAction\",\"target\":{\"@type\":\"EntryPoint\",\"urlTemplate\":\"https:\\\/\\\/perfact-group.com\\\/de\\\/?s={search_term_string}\"},\"query-input\":{\"@type\":\"PropertyValueSpecification\",\"valueRequired\":true,\"valueName\":\"search_term_string\"}}],\"inLanguage\":\"de\"},{\"@type\":\"Person\",\"@id\":\"https:\\\/\\\/perfact-group.com\\\/de\\\/#\\\/schema\\\/person\\\/87bb7c9575a9e1aa5674dd106ba47eaf\",\"name\":\"Sharon C\u00f6rvers\",\"url\":\"https:\\\/\\\/perfact-group.com\\\/de\\\/author\\\/sharonkonickx\\\/\"}]}<\/script>\n<!-- \/ Yoast SEO plugin. -->","yoast_head_json":{"title":"Mit Perfact Human Development zum 'TOP' - Perfact Group","robots":{"index":"index","follow":"follow","max-snippet":"max-snippet:-1","max-image-preview":"max-image-preview:large","max-video-preview":"max-video-preview:-1"},"canonical":"https:\/\/perfact-group.com\/de\/mit-perfact-human-development-zum-top-1\/","og_locale":"de_DE","og_type":"article","og_title":"Mit Perfact Human Development zum 'TOP' - Perfact Group","og_description":"Die letzten Monate waren eine aufregende Zeit f\u00fcr unsere Trainer Karina und Jean. Sie waren n\u00e4mlich an einem Prozess f\u00fcr eine \u00f6ffentliche europ\u00e4ische Ausschreibung mit den Gemeinden Maastricht und Heerlen...","og_url":"https:\/\/perfact-group.com\/de\/mit-perfact-human-development-zum-top-1\/","og_site_name":"Perfact Group","article_published_time":"2024-03-15T09:16:16+00:00","og_image":[{"width":1024,"height":398,"url":"https:\/\/perfact-group.com\/wp-content\/uploads\/2024\/03\/HD-Jean-en-Karina-TOP-artikel-1024x398.png","type":"image\/png"}],"author":"Sharon C\u00f6rvers","twitter_card":"summary_large_image","twitter_misc":{"Verfasst von":"Sharon C\u00f6rvers","Gesch\u00e4tzte Lesezeit":"3\u00a0Minuten"},"schema":{"@context":"https:\/\/schema.org","@graph":[{"@type":"Article","@id":"https:\/\/perfact-group.com\/de\/mit-perfact-human-development-zum-top-1\/#article","isPartOf":{"@id":"https:\/\/perfact-group.com\/de\/mit-perfact-human-development-zum-top-1\/"},"author":{"name":"Sharon C\u00f6rvers","@id":"https:\/\/perfact-group.com\/de\/#\/schema\/person\/87bb7c9575a9e1aa5674dd106ba47eaf"},"headline":"Mit Perfact Human Development zum &#8218;TOP&#8216;","datePublished":"2024-03-15T09:16:16+00:00","mainEntityOfPage":{"@id":"https:\/\/perfact-group.com\/de\/mit-perfact-human-development-zum-top-1\/"},"wordCount":581,"image":{"@id":"https:\/\/perfact-group.com\/de\/mit-perfact-human-development-zum-top-1\/#primaryimage"},"thumbnailUrl":"https:\/\/perfact-group.com\/wp-content\/uploads\/2024\/03\/HD-Jean-en-Karina-TOP-artikel.png","keywords":["Human Development"],"articleSection":["Nachrichten"],"inLanguage":"de"},{"@type":"WebPage","@id":"https:\/\/perfact-group.com\/de\/mit-perfact-human-development-zum-top-1\/","url":"https:\/\/perfact-group.com\/de\/mit-perfact-human-development-zum-top-1\/","name":"Mit Perfact Human Development zum 'TOP' - Perfact Group","isPartOf":{"@id":"https:\/\/perfact-group.com\/de\/#website"},"primaryImageOfPage":{"@id":"https:\/\/perfact-group.com\/de\/mit-perfact-human-development-zum-top-1\/#primaryimage"},"image":{"@id":"https:\/\/perfact-group.com\/de\/mit-perfact-human-development-zum-top-1\/#primaryimage"},"thumbnailUrl":"https:\/\/perfact-group.com\/wp-content\/uploads\/2024\/03\/HD-Jean-en-Karina-TOP-artikel.png","datePublished":"2024-03-15T09:16:16+00:00","author":{"@id":"https:\/\/perfact-group.com\/de\/#\/schema\/person\/87bb7c9575a9e1aa5674dd106ba47eaf"},"breadcrumb":{"@id":"https:\/\/perfact-group.com\/de\/mit-perfact-human-development-zum-top-1\/#breadcrumb"},"inLanguage":"de","potentialAction":[{"@type":"ReadAction","target":["https:\/\/perfact-group.com\/de\/mit-perfact-human-development-zum-top-1\/"]}]},{"@type":"ImageObject","inLanguage":"de","@id":"https:\/\/perfact-group.com\/de\/mit-perfact-human-development-zum-top-1\/#primaryimage","url":"https:\/\/perfact-group.com\/wp-content\/uploads\/2024\/03\/HD-Jean-en-Karina-TOP-artikel.png","contentUrl":"https:\/\/perfact-group.com\/wp-content\/uploads\/2024\/03\/HD-Jean-en-Karina-TOP-artikel.png","width":1800,"height":700},{"@type":"BreadcrumbList","@id":"https:\/\/perfact-group.com\/de\/mit-perfact-human-development-zum-top-1\/#breadcrumb","itemListElement":[{"@type":"ListItem","position":1,"name":"Home","item":"https:\/\/perfact-group.com\/de\/"},{"@type":"ListItem","position":2,"name":"Mit Perfact Human Development zum &#8216;TOP&#8217;"}]},{"@type":"WebSite","@id":"https:\/\/perfact-group.com\/de\/#website","url":"https:\/\/perfact-group.com\/de\/","name":"Perfact Group","description":"Make the difference","potentialAction":[{"@type":"SearchAction","target":{"@type":"EntryPoint","urlTemplate":"https:\/\/perfact-group.com\/de\/?s={search_term_string}"},"query-input":{"@type":"PropertyValueSpecification","valueRequired":true,"valueName":"search_term_string"}}],"inLanguage":"de"},{"@type":"Person","@id":"https:\/\/perfact-group.com\/de\/#\/schema\/person\/87bb7c9575a9e1aa5674dd106ba47eaf","name":"Sharon C\u00f6rvers","url":"https:\/\/perfact-group.com\/de\/author\/sharonkonickx\/"}]}},"_links":{"self":[{"href":"https:\/\/perfact-group.com\/de\/wp-json\/wp\/v2\/posts\/14037","targetHints":{"allow":["GET"]}}],"collection":[{"href":"https:\/\/perfact-group.com\/de\/wp-json\/wp\/v2\/posts"}],"about":[{"href":"https:\/\/perfact-group.com\/de\/wp-json\/wp\/v2\/types\/post"}],"author":[{"embeddable":true,"href":"https:\/\/perfact-group.com\/de\/wp-json\/wp\/v2\/users\/31"}],"replies":[{"embeddable":true,"href":"https:\/\/perfact-group.com\/de\/wp-json\/wp\/v2\/comments?post=14037"}],"version-history":[{"count":1,"href":"https:\/\/perfact-group.com\/de\/wp-json\/wp\/v2\/posts\/14037\/revisions"}],"predecessor-version":[{"id":14038,"href":"https:\/\/perfact-group.com\/de\/wp-json\/wp\/v2\/posts\/14037\/revisions\/14038"}],"wp:featuredmedia":[{"embeddable":true,"href":"https:\/\/perfact-group.com\/de\/wp-json\/wp\/v2\/media\/14033"}],"wp:attachment":[{"href":"https:\/\/perfact-group.com\/de\/wp-json\/wp\/v2\/media?parent=14037"}],"wp:term":[{"taxonomy":"category","embeddable":true,"href":"https:\/\/perfact-group.com\/de\/wp-json\/wp\/v2\/categories?post=14037"},{"taxonomy":"post_tag","embeddable":true,"href":"https:\/\/perfact-group.com\/de\/wp-json\/wp\/v2\/tags?post=14037"}],"curies":[{"name":"wp","href":"https:\/\/api.w.org\/{rel}","templated":true}]}}